{"id":105242,"date":"2020-11-20T11:30:00","date_gmt":"2020-11-20T16:30:00","guid":{"rendered":"https:\/\/linitiative.ca\/International\/une-premiere-pour-un-chef-de-la-diplomatie-us\/"},"modified":"2020-11-20T11:30:00","modified_gmt":"2020-11-20T16:30:00","slug":"une-premiere-pour-un-chef-de-la-diplomatie-us","status":"publish","type":"post","link":"https:\/\/linitiative.ca\/International\/une-premiere-pour-un-chef-de-la-diplomatie-us\/","title":{"rendered":"Une premi\u00e8re  pour un chef de la diplomatie US"},"content":{"rendered":"<p class=\"p1 c3\"><span class=\"c2\">Mike Pompeo a effectu\u00e9 hier la premi\u00e8re visite d&rsquo;un secr\u00e9taire d&rsquo;Etat am\u00e9ricain sur le plateau du Golan, territoire syrien occup\u00e9 par Isra\u00ebl, en pr\u00e9venant des \u00ab\u00a0risques\u00a0\u00bb pour Isra\u00ebl si cette zone strat\u00e9gique \u00e9tait rest\u00e9e sous contr\u00f4le de la Syrie.<\/span><\/p>\n<p class=\"p1 c3\"><span class=\"c2\">\u00ab\u00a0Imaginez le risque que cela repr\u00e9senterait pour l&rsquo;Occident et Isra\u00ebl si ce territoire \u00e9tait sous contr\u00f4le d&rsquo;Assad\u00a0\u00bb, le pr\u00e9sident syrien Bachar al-Assad, a d\u00e9clar\u00e9 sur place M. Pompeo.<\/span><\/p>\n<p class=\"p1 c3\"><span class=\"c2\">Les Etats-Unis du pr\u00e9sident Donald Trump sont le seul pays \u00e0 reconna\u00eetre la souverainet\u00e9 isra\u00e9lienne sur ce plateau pris \u00e0 la Syrie lors de la guerre des Six Jours, en 1967.<\/span><\/p>\n<p class=\"p1 c3\"><span class=\"c2\">\u00ab\u00a0Il s&rsquo;agit d&rsquo;une partie d&rsquo;Isra\u00ebl et d&rsquo;une partie centrale d&rsquo;Isra\u00ebl\u00a0\u00bb, a ajout\u00e9 M. Pompeo qui s&rsquo;est entretenu sur place avec son homologue isra\u00e9lien Gabi Ashkenazi.<\/span><\/p>\n<p class=\"p1 c3\"><span class=\"c2\">\u00ab\u00a0Ayant \u00e9t\u00e9 ancien chef de la CIA, il conna\u00eet les faits mais il a insist\u00e9 pour venir ici, pour voir de ses propres yeux et \u00e9couter un briefing des commandants de l&rsquo;arm\u00e9e\u00a0\u00bb, a d\u00e9clar\u00e9 M. Ashkenazi.<\/span><\/p>\n<p class=\"p1 c3\"><span class=\"c2\">Aujourd&rsquo;hui, environ 25.000 colons vivent sur le plateau du Golan aux c\u00f4t\u00e9s de quelque 23.000 Druzes qui se revendiquent pour la plupart toujours Syriens tout en ayant le statut de r\u00e9sidents en Isra\u00ebl.<\/span><\/p>\n<p class=\"p1 c3\"><span class=\"c2\">Ce territoire, situ\u00e9 au nord du lac de Tib\u00e9riade, reste d&rsquo;une importance strat\u00e9gique pour ses sources d&rsquo;eau.<\/span><\/p>\n<p class=\"p1 c3\"><span class=\"c2\">Selon Isra\u00ebl, \u00e0 la faveur de la guerre en Syrie, des milices pro-Iran, pays ennemi d&rsquo;Isra\u00ebl, se sont implant\u00e9s en territoire syrien.<\/span><\/p>\n<p class=\"p1 c3\"><span class=\"c2\">Isra\u00ebl a effectu\u00e9 des centaines de frappes a\u00e9riennes et de missiles sur la Syrie depuis le d\u00e9but de la guerre en 2011, ciblant les forces iraniennes et les combattants du Hezbollah, qui aident le r\u00e9gime syrien dans sa guerre, ainsi que les troupes gouvernementales syriennes.<\/span><\/p>\n<p class=\"p1 c3\"><span class=\"c2\">Les militaires isra\u00e9liens \u00e9voquent d&rsquo;ailleurs un \u00ab\u00a0second front\u00a0\u00bb pour d\u00e9crire la pr\u00e9sence de milices pro-iraniennes dans la partie du Golan toujours sous contr\u00f4le syrien, en r\u00e9f\u00e9rence \u00e0 un \u00ab\u00a0premier\u00a0\u00bb front qui reste celui du Hezbollah, de l&rsquo;autre c\u00f4t\u00e9 de la fronti\u00e8re libanaise.<\/span><\/p>\n<p class=\"p1 c3\"><span class=\"c2\">Plus t\u00f4t cette semaine, l&rsquo;arm\u00e9e isra\u00e9lienne a annonc\u00e9 avoir d\u00e9couvert des explosifs pr\u00e8s du Golan puis a men\u00e9 des frappes de repr\u00e9sailles contre des objectifs iraniens en Syrie.<\/span><\/p>\n<p>Auteur: letemps1<br \/>\n<a href=\"http:\/\/www.letemps.com.tn\/article\/118167\/une-premi%C3%A8re-pour-un-chef-de-la-diplomatie-us\">Cliquez ici pour lire l&rsquo;article depuis sa source.<\/a><\/p>\n","protected":false},"excerpt":{"rendered":"<p>Mike Pompeo a effectu\u00e9 hier la premi\u00e8re visite d&rsquo;un secr\u00e9taire d&rsquo;Etat am\u00e9ricain sur le plateau du Golan, territoire syrien occup\u00e9 par Isra\u00ebl, en pr\u00e9venant des \u00ab\u00a0risques\u00a0\u00bb pour Isra\u00ebl si cette zone strat\u00e9gique \u00e9tait rest\u00e9e sous contr\u00f4le de la Syrie. \u00ab\u00a0Imaginez le risque que cela repr\u00e9senterait pour l&rsquo;Occident et Isra\u00ebl si ce territoire \u00e9tait sous contr\u00f4le [&hellip;]<\/p>\n","protected":false},"author":1773,"featured_media":0,"comment_status":"closed","ping_status":"closed","sticky":false,"template":"","format":"standard","meta":{"fifu_image_url":"","fifu_image_alt":"","footnotes":""},"categories":[73,55],"tags":[],"class_list":["post-105242","post","type-post","status-publish","format-standard","hentry","category-actualite","category-tunisie"],"_links":{"self":[{"href":"https:\/\/linitiative.ca\/International\/wp-json\/wp\/v2\/posts\/105242","targetHints":{"allow":["GET"]}}],"collection":[{"href":"https:\/\/linitiative.ca\/International\/wp-json\/wp\/v2\/posts"}],"about":[{"href":"https:\/\/linitiative.ca\/International\/wp-json\/wp\/v2\/types\/post"}],"author":[{"embeddable":true,"href":"https:\/\/linitiative.ca\/International\/wp-json\/wp\/v2\/users\/1773"}],"replies":[{"embeddable":true,"href":"https:\/\/linitiative.ca\/International\/wp-json\/wp\/v2\/comments?post=105242"}],"version-history":[{"count":0,"href":"https:\/\/linitiative.ca\/International\/wp-json\/wp\/v2\/posts\/105242\/revisions"}],"wp:attachment":[{"href":"https:\/\/linitiative.ca\/International\/wp-json\/wp\/v2\/media?parent=105242"}],"wp:term":[{"taxonomy":"category","embeddable":true,"href":"https:\/\/linitiative.ca\/International\/wp-json\/wp\/v2\/categories?post=105242"},{"taxonomy":"post_tag","embeddable":true,"href":"https:\/\/linitiative.ca\/International\/wp-json\/wp\/v2\/tags?post=105242"}],"curies":[{"name":"wp","href":"https:\/\/api.w.org\/{rel}","templated":true}]}}