{"id":105257,"date":"2020-11-20T09:37:20","date_gmt":"2020-11-20T14:37:20","guid":{"rendered":"https:\/\/linitiative.ca\/International\/113098-foot-ligue-1-la-lfp-prete-a-prendre-en-charge-les-tests-pcr-des-clubs\/"},"modified":"2020-11-20T09:37:20","modified_gmt":"2020-11-20T14:37:20","slug":"113098-foot-ligue-1-la-lfp-prete-a-prendre-en-charge-les-tests-pcr-des-clubs","status":"publish","type":"post","link":"https:\/\/linitiative.ca\/International\/113098-foot-ligue-1-la-lfp-prete-a-prendre-en-charge-les-tests-pcr-des-clubs\/","title":{"rendered":"Foot \/ Ligue 1 : \u00ab\u00a0La LFP pr\u00eate \u00e0 prendre en charge les tests PCR des clubs\u00a0\u00bb"},"content":{"rendered":"<div readability=\"39\">\n<p><strong>ALGER- Le pr\u00e9sident de la Ligue de football professionnel (LFP), Abdelkrim Medouar, a indiqu\u00e9 vendredi que son instance \u00e9tait pr\u00eate \u00e0 prendre en charge les tests PCR de d\u00e9pistage du Covid-19, pour l\u2019ensemble des clubs de la Ligue 1 professionnelle, \u00e0 une semaine du coup d\u2019envoi de la saison 2020-2021.<\/strong><\/p>\n<\/div>\n<div readability=\"69.251994368841\">\n<p>\u00ab\u00a0La LFP s\u2019attelle \u00e0 trouver des solutions pour un bon d\u00e9roulement de la saison footballistique qui s\u2019approche \u00e0 grands pas. Nous sommes dispos\u00e9s \u00e0 prendre en charge les tests PCR des clubs durant tout l\u2019exercice, soit 1000 personnes, entre joueurs et staffs, par journ\u00e9e de championnat. Les pouvoirs publics doivent nous aider \u00e0 faire r\u00e9ussir cette d\u00e9marche, en garantissant ce type de tests dans chaque wilaya\u00a0\u00bb, a indiqu\u00e9 Medouar \u00e0 la Radio nationale.<\/p>\n<p>Apr\u00e8s huit mois d\u2019attente caus\u00e9s par la pand\u00e9mie de coronavirus (Covid-19), le football alg\u00e9rien reprendra ses droits samedi avec le d\u00e9roulement de la Supercoupe d\u2019Alg\u00e9rie entre l\u2019USM Alger et le CR Belouizdad au stade du 5-Juillet (20h30), suivie une semaine plus tard par le d\u00e9but du championnat, fix\u00e9 au week-end du 27-28 novembre.<\/p>\n<p>Le Bureau f\u00e9d\u00e9ral de laF\u00e9d\u00e9ration alg\u00e9rienne (FAF), r\u00e9uni jeudi, a fini par trancher d\u00e9finitivement le syst\u00e8me de comp\u00e9tition, en maintenant un championnat \u00e0 20 clubs et 38 journ\u00e9es.<\/p>\n<blockquote readability=\"10\">\n<p><strong><em>\u00ab\u00a0La comp\u00e9tition d\u00e9butera la semaine prochaine. La phase aller sera boucl\u00e9e le 2 mars. C\u2019est tout \u00e0 fait normal que la saison soit cl\u00f4tur\u00e9e en juillet ou au plus tard en ao\u00fbt, soit en pleine p\u00e9riode de grosses chaleurs. Nous sommes oblig\u00e9s de terminer la saison en \u00e9t\u00e9 pour des raisons exceptionnelles\u00a0\u00bb, a-t-il ajout\u00e9.<\/em><\/strong><\/p>\n<\/blockquote>\n<hr\/>\n<h3 class=\"catItemTitle\">Lire aussi:\u00a0<a href=\"http:\/\/www.aps.dz\/sport\/113079-foot-ligue-1-2020-2021-la-faf-maintient-le-championnat-a-38-journees\">Ligue 1 2020-2021 : la FAF maintient le championnat \u00e0 38 journ\u00e9es<\/a><\/h3>\n<hr\/>\n<p>Avant d\u2019encha\u00eener : \u00ab\u00a0La programmation sera \u00e9labor\u00e9e en concertation avec la t\u00e9l\u00e9vision nationale, dans le but de retransmettre le maximum de matchs. Nous allons disputer cinq journ\u00e9es en d\u00e9cembre prochain. Les clubs engag\u00e9s dans les comp\u00e9titions continentales verront leurs matchs avanc\u00e9s ou d\u00e9cal\u00e9s, tout sera fait dans la r\u00e8gle de l\u2019art. Programmer 38 journ\u00e9es parait \u00e9norme, mais on finira par y arriver\u00a0\u00bb.<\/p>\n<p>Enfin, et en vue de la reprise des entra\u00eenements des clubs de la Ligue 2 amateur, Medouar a indiqu\u00e9 qu\u2019une \u00ab\u00a0r\u00e9union aura lieu la semaine prochaine entre le minist\u00e8re de la Jeunesse et des Sports et la FAF pour aborder le sujet et prendre les d\u00e9cisions qui s\u2019imposent\u00a0\u00bb.<\/p>\n<\/div>\n<p>Auteur:<br \/>\n<a href=\"http:\/\/www.aps.dz\/sport\/113098-foot-ligue-1-la-lfp-prete-a-prendre-en-charge-les-tests-pcr-des-clubs?utm_source=feedburner&#038;utm_medium=feed&#038;utm_campaign=Feed%3A+aps-sport+%28APS+-+SPORT%29\">Cliquez ici pour lire l&rsquo;article depuis sa source.<\/a><\/p>\n","protected":false},"excerpt":{"rendered":"<p>ALGER- Le pr\u00e9sident de la Ligue de football professionnel (LFP), Abdelkrim Medouar, a indiqu\u00e9 vendredi que son instance \u00e9tait pr\u00eate \u00e0 prendre en charge les tests PCR de d\u00e9pistage du Covid-19, pour l\u2019ensemble des clubs de la Ligue 1 professionnelle, \u00e0 une semaine du coup d\u2019envoi de la saison 2020-2021. \u00ab\u00a0La LFP s\u2019attelle \u00e0 trouver [&hellip;]<\/p>\n","protected":false},"author":1790,"featured_media":0,"comment_status":"closed","ping_status":"closed","sticky":false,"template":"","format":"standard","meta":{"fifu_image_url":"","fifu_image_alt":"","footnotes":""},"categories":[53,75],"tags":[],"class_list":["post-105257","post","type-post","status-publish","format-standard","hentry","category-algerie","category-sport"],"_links":{"self":[{"href":"https:\/\/linitiative.ca\/International\/wp-json\/wp\/v2\/posts\/105257","targetHints":{"allow":["GET"]}}],"collection":[{"href":"https:\/\/linitiative.ca\/International\/wp-json\/wp\/v2\/posts"}],"about":[{"href":"https:\/\/linitiative.ca\/International\/wp-json\/wp\/v2\/types\/post"}],"author":[{"embeddable":true,"href":"https:\/\/linitiative.ca\/International\/wp-json\/wp\/v2\/users\/1790"}],"replies":[{"embeddable":true,"href":"https:\/\/linitiative.ca\/International\/wp-json\/wp\/v2\/comments?post=105257"}],"version-history":[{"count":0,"href":"https:\/\/linitiative.ca\/International\/wp-json\/wp\/v2\/posts\/105257\/revisions"}],"wp:attachment":[{"href":"https:\/\/linitiative.ca\/International\/wp-json\/wp\/v2\/media?parent=105257"}],"wp:term":[{"taxonomy":"category","embeddable":true,"href":"https:\/\/linitiative.ca\/International\/wp-json\/wp\/v2\/categories?post=105257"},{"taxonomy":"post_tag","embeddable":true,"href":"https:\/\/linitiative.ca\/International\/wp-json\/wp\/v2\/tags?post=105257"}],"curies":[{"name":"wp","href":"https:\/\/api.w.org\/{rel}","templated":true}]}}