{"id":105259,"date":"2020-11-20T10:08:00","date_gmt":"2020-11-20T15:08:00","guid":{"rendered":"https:\/\/linitiative.ca\/International\/sidi-bel-abbes-la-protection-civile-mene-une-campagne-de-sterilisation\/"},"modified":"2020-11-20T10:08:00","modified_gmt":"2020-11-20T15:08:00","slug":"sidi-bel-abbes-la-protection-civile-mene-une-campagne-de-sterilisation","status":"publish","type":"post","link":"https:\/\/linitiative.ca\/International\/sidi-bel-abbes-la-protection-civile-mene-une-campagne-de-sterilisation\/","title":{"rendered":"SIDI BEL-ABBES : La protection civile m\u00e8ne une campagne de st\u00e9rilisation"},"content":{"rendered":"<p><br id=\"sep_para_1\" class=\"sep_para access\"\/><\/p>\n<div id=\"para_1\" class=\"para_39593641 resize\">\n<div class=\"texte access firstletter\">En application aux instructions \u00e9manant de la direction g\u00e9n\u00e9rale de la protection civile et dans le cadre de la campagne nationale de pr\u00e9vention men\u00e9e\u00a0 contre le coronavirus, la Direction de la protection civile de la wilaya de Sidi Bel-Abb\u00e8s a\u00a0 programm\u00e9 ce jeudi 19 novembre 2020, une campagne d&rsquo;envergure. Cette louable initiative a \u00e9t\u00e9 lanc\u00e9e officiellement par le secr\u00e9taire g\u00e9n\u00e9ral de la\u00a0 wilaya, en pr\u00e9sence des autorit\u00e9s locales, civiles et militaires. Elle devrait toucher les diff\u00e9rents quartiers de la ville, rues et art\u00e8res principales ainsi que les structures publiques et priv\u00e9es, les \u00e9tablissements scolaires et autres espaces. Un porte-son a m\u00eame \u00e9t\u00e9 utilis\u00e9 par le chef de file afin de pouvoir s&rsquo;adresser aux habitants, les sensibiliser et les appeler \u00e0\u00a0 respecter scrupuleusement les mesures de pr\u00e9vention n\u00e9cessaires, servant \u00e0 endiguer ou limiter la propagation galopante de Covid19, ou si possible, \u00e0 rester chez eux. Les \u00e9l\u00e9ments de la protection civile\u00a0 des 15 unit\u00e9s stationn\u00e9es\u00a0 dans la wilaya, ont pris \u00e9nergiquement part \u00e0 cette campagne, en faisant usage de 16 camions-pompes.\u00a0\u00a0\u00a0\u00a0\u00a0\u00a0\u00a0\u00a0\u00a0\u00a0\u00a0\u00a0\u00a0\u00a0<\/div>\n<\/div>\n<p>Auteur: Noui Moussa<br \/>\n<a href=\"https:\/\/www.reflexiondz.net\/SIDI-BEL-ABBES-La-protection-civile-mene-une-campagne-de-sterilisation_a66356.html\">Cliquez ici pour lire l&rsquo;article depuis sa source.<\/a><\/p>\n","protected":false},"excerpt":{"rendered":"<p>En application aux instructions \u00e9manant de la direction g\u00e9n\u00e9rale de la protection civile et dans le cadre de la campagne nationale de pr\u00e9vention men\u00e9e\u00a0 contre le coronavirus, la Direction de la protection civile de la wilaya de Sidi Bel-Abb\u00e8s a\u00a0 programm\u00e9 ce jeudi 19 novembre 2020, une campagne d&rsquo;envergure. Cette louable initiative a \u00e9t\u00e9 lanc\u00e9e [&hellip;]<\/p>\n","protected":false},"author":1740,"featured_media":0,"comment_status":"closed","ping_status":"closed","sticky":false,"template":"","format":"standard","meta":{"fifu_image_url":"","fifu_image_alt":"","footnotes":""},"categories":[53,76],"tags":[],"class_list":["post-105259","post","type-post","status-publish","format-standard","hentry","category-algerie","category-regions"],"_links":{"self":[{"href":"https:\/\/linitiative.ca\/International\/wp-json\/wp\/v2\/posts\/105259","targetHints":{"allow":["GET"]}}],"collection":[{"href":"https:\/\/linitiative.ca\/International\/wp-json\/wp\/v2\/posts"}],"about":[{"href":"https:\/\/linitiative.ca\/International\/wp-json\/wp\/v2\/types\/post"}],"author":[{"embeddable":true,"href":"https:\/\/linitiative.ca\/International\/wp-json\/wp\/v2\/users\/1740"}],"replies":[{"embeddable":true,"href":"https:\/\/linitiative.ca\/International\/wp-json\/wp\/v2\/comments?post=105259"}],"version-history":[{"count":0,"href":"https:\/\/linitiative.ca\/International\/wp-json\/wp\/v2\/posts\/105259\/revisions"}],"wp:attachment":[{"href":"https:\/\/linitiative.ca\/International\/wp-json\/wp\/v2\/media?parent=105259"}],"wp:term":[{"taxonomy":"category","embeddable":true,"href":"https:\/\/linitiative.ca\/International\/wp-json\/wp\/v2\/categories?post=105259"},{"taxonomy":"post_tag","embeddable":true,"href":"https:\/\/linitiative.ca\/International\/wp-json\/wp\/v2\/tags?post=105259"}],"curies":[{"name":"wp","href":"https:\/\/api.w.org\/{rel}","templated":true}]}}