{"id":105260,"date":"2020-11-20T10:08:00","date_gmt":"2020-11-20T15:08:00","guid":{"rendered":"https:\/\/linitiative.ca\/International\/ansej-le-plan-de-relance-de-lactivite-des-entreprises-devoile\/"},"modified":"2020-11-20T10:08:00","modified_gmt":"2020-11-20T15:08:00","slug":"ansej-le-plan-de-relance-de-lactivite-des-entreprises-devoile","status":"publish","type":"post","link":"https:\/\/linitiative.ca\/International\/ansej-le-plan-de-relance-de-lactivite-des-entreprises-devoile\/","title":{"rendered":"ANSEJ  : Le plan de relance de l\u2019activit\u00e9 des entreprises d\u00e9voil\u00e9"},"content":{"rendered":"<p><br id=\"sep_para_1\" class=\"sep_para access\"\/><\/p>\n<div id=\"para_1\" class=\"para_39593724 resize\">\n<div class=\"texte access firstletter\">Le cadre de la direction g\u00e9n\u00e9rale de l\u2019Agence nationale de soutien \u00e0 l\u2019emploi de jeunes (ANSEJ), Fath Sayd a r\u00e9v\u00e9l\u00e9 la d\u00e9cision de l\u2019agence de r\u00e9\u00e9chelonner les dettes des micro-entreprises qui ont b\u00e9n\u00e9fici\u00e9 de son soutien, en d\u00e9clarant: \u00abPour la premi\u00e8re fois depuis la cr\u00e9ation de l\u2019agence, il a \u00e9t\u00e9 d\u00e9cid\u00e9 de revoir le r\u00e9\u00e9chelonnement des dettes des micro-entreprises. \u00ab Les dettes des micro-entreprises b\u00e9n\u00e9ficiant du soutien de l\u2019ANSEJ seront r\u00e9\u00e9chelonn\u00e9es pour une p\u00e9riode de 5 ans, sans int\u00e9r\u00eats \u00bb, a-t-il indiqu\u00e9, tout en ajoutant \u00ab qu\u2019il a \u00e9galement \u00e9t\u00e9 d\u00e9cid\u00e9 d\u2019effacer les amendes de retard r\u00e9sultant du paiement tardif des dettes et de tous les autres ajouts bancaires \u00bb. Quant aux petites entreprises qui \u00e9prouvent des difficult\u00e9s \u00e0 rembourser leurs dettes, Sayd a r\u00e9v\u00e9l\u00e9 \u00abla mise \u00e0 disposition d\u2019un dispositif qui leur permet de b\u00e9n\u00e9ficier des projets par la prise en charge\u00bb. \u00abFournir des plans de charge \u00e0 ces entreprises leur permettra de b\u00e9n\u00e9ficier du paiement de leurs dettes et de red\u00e9marrer leurs activit\u00e9s\u00bb, a-t-il expliqu\u00e9. Il a pr\u00e9cis\u00e9 que \u00ab cela se fera au travers d\u2019accords conclus avec de grandes entreprises, notamment dans le secteur de l\u2019\u00e9nergie \u00bb, soulignant qu\u2019il existe une cat\u00e9gorie de mico-entreprises dans le cadre du soutien\u00a0 de l\u2019ANSEJ, qui ne peut \u00eatre sauv\u00e9e. Il s\u2019agit, selon lui, de 4 cas ; les micro-entreprises dont les propri\u00e9taires sont d\u00e9c\u00e9d\u00e9s, celles qui sont victimes\u00a0 de catastrophes naturelles, celles dont les propri\u00e9taires souffrent de maladie mentale et celles dont le mat\u00e9riel a \u00e9t\u00e9 saisi et vendu par la banque \u00bb.<\/div>\n<\/div>\n<p>Auteur: Nadine<br \/>\n<a href=\"https:\/\/www.reflexiondz.net\/ANSEJ-Le-plan-de-relance-de-l-activite-des-entreprises-devoile_a66362.html\">Cliquez ici pour lire l&rsquo;article depuis sa source.<\/a><\/p>\n","protected":false},"excerpt":{"rendered":"<p>Le cadre de la direction g\u00e9n\u00e9rale de l\u2019Agence nationale de soutien \u00e0 l\u2019emploi de jeunes (ANSEJ), Fath Sayd a r\u00e9v\u00e9l\u00e9 la d\u00e9cision de l\u2019agence de r\u00e9\u00e9chelonner les dettes des micro-entreprises qui ont b\u00e9n\u00e9fici\u00e9 de son soutien, en d\u00e9clarant: \u00abPour la premi\u00e8re fois depuis la cr\u00e9ation de l\u2019agence, il a \u00e9t\u00e9 d\u00e9cid\u00e9 de revoir le r\u00e9\u00e9chelonnement [&hellip;]<\/p>\n","protected":false},"author":1740,"featured_media":0,"comment_status":"closed","ping_status":"closed","sticky":false,"template":"","format":"standard","meta":{"fifu_image_url":"","fifu_image_alt":"","footnotes":""},"categories":[53,76],"tags":[],"class_list":["post-105260","post","type-post","status-publish","format-standard","hentry","category-algerie","category-regions"],"_links":{"self":[{"href":"https:\/\/linitiative.ca\/International\/wp-json\/wp\/v2\/posts\/105260","targetHints":{"allow":["GET"]}}],"collection":[{"href":"https:\/\/linitiative.ca\/International\/wp-json\/wp\/v2\/posts"}],"about":[{"href":"https:\/\/linitiative.ca\/International\/wp-json\/wp\/v2\/types\/post"}],"author":[{"embeddable":true,"href":"https:\/\/linitiative.ca\/International\/wp-json\/wp\/v2\/users\/1740"}],"replies":[{"embeddable":true,"href":"https:\/\/linitiative.ca\/International\/wp-json\/wp\/v2\/comments?post=105260"}],"version-history":[{"count":0,"href":"https:\/\/linitiative.ca\/International\/wp-json\/wp\/v2\/posts\/105260\/revisions"}],"wp:attachment":[{"href":"https:\/\/linitiative.ca\/International\/wp-json\/wp\/v2\/media?parent=105260"}],"wp:term":[{"taxonomy":"category","embeddable":true,"href":"https:\/\/linitiative.ca\/International\/wp-json\/wp\/v2\/categories?post=105260"},{"taxonomy":"post_tag","embeddable":true,"href":"https:\/\/linitiative.ca\/International\/wp-json\/wp\/v2\/tags?post=105260"}],"curies":[{"name":"wp","href":"https:\/\/api.w.org\/{rel}","templated":true}]}}