{"id":105261,"date":"2020-11-20T10:08:00","date_gmt":"2020-11-20T15:08:00","guid":{"rendered":"https:\/\/linitiative.ca\/International\/oran-arrestation-de-8-passeurs-a-ain-turck\/"},"modified":"2020-11-20T10:08:00","modified_gmt":"2020-11-20T15:08:00","slug":"oran-arrestation-de-8-passeurs-a-ain-turck","status":"publish","type":"post","link":"https:\/\/linitiative.ca\/International\/oran-arrestation-de-8-passeurs-a-ain-turck\/","title":{"rendered":"ORAN : Arrestation de  8 passeurs \u00e0 Ain Turck"},"content":{"rendered":"<p><br id=\"sep_para_1\" class=\"sep_para access\"\/><\/p>\n<div id=\"para_1\" class=\"para_39593671 resize\">\n<div class=\"photo shadow left\"><a href=\"javascript:void(0)\" rel=\"https:\/\/www.reflexiondz.net\/photo\/art\/grande\/51644680-39593671.jpg?v=1605886652&amp;ibox\" title=\"ORAN : Arrestation de 8 passeurs \u00e0 Ain Turck\"><img decoding=\"async\" class=\"responsive c9\" src=\"https:\/\/www.reflexiondz.net\/photo\/art\/grande\/51644680-39593671.jpg?v=1605886652\" alt=\"ORAN : Arrestation de 8 passeurs \u00e0 Ain Turck\" title=\"ORAN : Arrestation de 8 passeurs \u00e0 Ain Turck\"\/><img decoding=\"async\" class=\"not-responsive\" src=\"https:\/\/www.reflexiondz.net\/photo\/art\/default\/51644680-39593671.jpg?v=1605886657\" alt=\"ORAN : Arrestation de 8 passeurs \u00e0 Ain Turck\" title=\"ORAN : Arrestation de 8 passeurs \u00e0 Ain Turck\"\/><\/a><\/div>\n<div class=\"texte access firstletter\">Dans le cadre de\u00a0 la lutte contre l\u2019\u00e9migration clandestine, les \u00e9l\u00e9ments de la s\u00fbret\u00e9 de la da\u00efra de Ain Turck en collaboration avec les \u00e9l\u00e9ments de la s\u00fbret\u00e9 urbaine de Bousfer ont r\u00e9ussi \u00e0\u00a0 faire avorter\u00a0 des tentatives de travers\u00e9e de la mort, lors d\u2019op\u00e9rations distinctes, o\u00f9\u00a0 trois r\u00e9seaux de passeurs ont \u00e9t\u00e9 d\u00e9mantel\u00e9s. Les 08 individus\u00a0 arr\u00eat\u00e9s dans le cadre de cette affaire sont \u00e2g\u00e9s entre 30 ans et 40 ans,\u00a0 sont tous des repris de justice. En effet, les policiers d\u2019Ain El Turck et\u00a0 de Bousfer, ont exploit\u00e9 des informations fournies par le r\u00e9seau d\u2019informateurs qui leur ont permis de\u00a0 sauver les vies des candidats \u00e0 l\u2019\u00e9migration clandestine, en arr\u00eatant les passeurs qui ont fait fortune en s\u2019aventurant dans la grande bleu mettant en danger de mort, la vie des personnes vuln\u00e9rables. Selon le communiqu\u00e9 de la s\u00fbret\u00e9 de wilaya d\u2019Oran, l\u2019information faisait \u00e9tat de\u00a0 trois r\u00e9seaux de passeurs qui planifiaient des d\u00e9parts \u00e0 partir d\u2019une plage isol\u00e9e de Bousfer vers les c\u00f4tes ib\u00e9riques. La minutieuse enqu\u00eate diligent\u00e9e par les \u00e9l\u00e9ments de la police a localis\u00e9 les lieux de stockage du mat\u00e9riel naviguant et identifi\u00e9 les membres de ces r\u00e9seaux de passeurs. Une d\u00e9cente de police a eu lieu, permettant la saisie de deux embarcations ainsi que deux moteurs de marques Canot de 80 cv et Mercury de 115 cv, 02 boussoles, 03 v\u00e9hicules qui servaient pour le d\u00e9placement du mat\u00e9riel, 09 t\u00e9l\u00e9phones portables ainsi qu\u2019une somme d\u2019argent d\u2019une valeur de 10 millions de cts. Tous les mis en cause pr\u00e9sent\u00e9s par devant le magistrat instructeur pr\u00e8s le tribunal de la da\u00efra de Ain Turck, ont \u00e9t\u00e9 \u00e9crou\u00e9s\u00a0 en attendant leur comparution en audience.\u00a0\u00a0\u00a0<\/div>\n<\/div>\n<p>Auteur: Medjadji H.<br \/>\n<a href=\"https:\/\/www.reflexiondz.net\/ORAN-Arrestation-de-8-passeurs-a-Ain-Turck_a66359.html\">Cliquez ici pour lire l&rsquo;article depuis sa source.<\/a><\/p>\n","protected":false},"excerpt":{"rendered":"<p>Dans le cadre de\u00a0 la lutte contre l\u2019\u00e9migration clandestine, les \u00e9l\u00e9ments de la s\u00fbret\u00e9 de la da\u00efra de Ain Turck en collaboration avec les \u00e9l\u00e9ments de la s\u00fbret\u00e9 urbaine de Bousfer ont r\u00e9ussi \u00e0\u00a0 faire avorter\u00a0 des tentatives de travers\u00e9e de la mort, lors d\u2019op\u00e9rations distinctes, o\u00f9\u00a0 trois r\u00e9seaux de passeurs ont \u00e9t\u00e9 d\u00e9mantel\u00e9s. Les [&hellip;]<\/p>\n","protected":false},"author":1740,"featured_media":0,"comment_status":"closed","ping_status":"closed","sticky":false,"template":"","format":"standard","meta":{"fifu_image_url":"","fifu_image_alt":"","footnotes":""},"categories":[53,76],"tags":[],"class_list":["post-105261","post","type-post","status-publish","format-standard","hentry","category-algerie","category-regions"],"_links":{"self":[{"href":"https:\/\/linitiative.ca\/International\/wp-json\/wp\/v2\/posts\/105261","targetHints":{"allow":["GET"]}}],"collection":[{"href":"https:\/\/linitiative.ca\/International\/wp-json\/wp\/v2\/posts"}],"about":[{"href":"https:\/\/linitiative.ca\/International\/wp-json\/wp\/v2\/types\/post"}],"author":[{"embeddable":true,"href":"https:\/\/linitiative.ca\/International\/wp-json\/wp\/v2\/users\/1740"}],"replies":[{"embeddable":true,"href":"https:\/\/linitiative.ca\/International\/wp-json\/wp\/v2\/comments?post=105261"}],"version-history":[{"count":0,"href":"https:\/\/linitiative.ca\/International\/wp-json\/wp\/v2\/posts\/105261\/revisions"}],"wp:attachment":[{"href":"https:\/\/linitiative.ca\/International\/wp-json\/wp\/v2\/media?parent=105261"}],"wp:term":[{"taxonomy":"category","embeddable":true,"href":"https:\/\/linitiative.ca\/International\/wp-json\/wp\/v2\/categories?post=105261"},{"taxonomy":"post_tag","embeddable":true,"href":"https:\/\/linitiative.ca\/International\/wp-json\/wp\/v2\/tags?post=105261"}],"curies":[{"name":"wp","href":"https:\/\/api.w.org\/{rel}","templated":true}]}}