{"id":105262,"date":"2020-11-20T10:08:00","date_gmt":"2020-11-20T15:08:00","guid":{"rendered":"https:\/\/linitiative.ca\/International\/le-ministre-de-la-sante-benbouzid-rassure-lalgerie-se-procurera-le-vaccin-independamment-de-son-prix\/"},"modified":"2020-11-20T10:08:00","modified_gmt":"2020-11-20T15:08:00","slug":"le-ministre-de-la-sante-benbouzid-rassure-lalgerie-se-procurera-le-vaccin-independamment-de-son-prix","status":"publish","type":"post","link":"https:\/\/linitiative.ca\/International\/le-ministre-de-la-sante-benbouzid-rassure-lalgerie-se-procurera-le-vaccin-independamment-de-son-prix\/","title":{"rendered":"LE MINISTRE DE LA SANTE BENBOUZID RASSURE :  L\u2019Alg\u00e9rie se procurera le vaccin \u00ab\u00a0ind\u00e9pendamment de son prix\u00a0\u00bb"},"content":{"rendered":"<p><br id=\"sep_para_1\" class=\"sep_para access\"\/><\/p>\n<div id=\"para_1\" class=\"para_39593732 resize\">\n<div class=\"texte access firstletter\">Dans une d\u00e9claration \u00e0 la presse, en marge d&rsquo;une rencontre \u00e0 l\u2019occasion de la c\u00e9l\u00e9bration de la Journ\u00e9e nationale de lutte contre la r\u00e9sistance aux antimicrobiens (13 novembre), M. Benbouzid a pr\u00e9cis\u00e9 que l&rsquo;Alg\u00e9rie \u00ab\u00a0n&rsquo;importera aucun vaccin dont l\u2019innocuit\u00e9 et l\u2019efficacit\u00e9 ne sont pas assur\u00e9es dans le pays producteur, conform\u00e9ment aux instructions du pr\u00e9sident de la R\u00e9publique, Abdelmadjid Tebboune\u00a0\u00bb. Le premier responsable du secteur a, dans ce cadre, indiqu\u00e9 avoir re\u00e7u les ambassadeurs et les responsables des laboratoires des pays producteurs du vaccin contre la Covid-19 afin d&rsquo;\u00e9tudier les modalit\u00e9s d\u2019importation de ce vaccin qui sera soumis aux recommandations du Comit\u00e9 scientifique de suivi de l&rsquo;\u00e9volution de la pand\u00e9mie du Coronavirus \u00ab\u00a0ind\u00e9pendamment de son prix\u00a0\u00bb, car, a-t-il dit, \u00ab\u00a0prot\u00e9ger la sant\u00e9 des citoyens n\u2019a pas de prix\u00a0\u00bb. De son c\u00f4t\u00e9, le ministre d\u00e9l\u00e9gu\u00e9 charg\u00e9 de la R\u00e9forme hospitali\u00e8re, Ismail Mesbah, a fait savoir que le Comit\u00e9 scientifique\u00a0 avait d\u00e9fini une strat\u00e9gie nationale sur l\u2019utilisation du vaccin une fois import\u00e9 et les cat\u00e9gories devant \u00eatre vaccin\u00e9es. Concernant les chiffres des infections annonc\u00e9es quotidiennement, le ministre a pr\u00e9cis\u00e9 que la hausse du nombre de cas enregistr\u00e9s \u00e9tait due \u00e0 \u00ab la rentr\u00e9e sociale et scolaire et au non respect par certaines cat\u00e9gories sociales des mesures pr\u00e9ventives, consid\u00e9rant que cette \u00ab situation est r\u00e9pandue \u00e0 travers le monde et ne se limite \u00e0 l\u2019Alg\u00e9rie \u00bb. Il a insist\u00e9 sur l\u2019imp\u00e9ratif de \u00ab l\u2019application stricte \u00bb de ces mesures qui demeurent \u00ab l\u2019unique moyen \u00bb pour freiner la propagation du virus, particuli\u00e8rement le port du masque. Pour ce qui est des personnes contamin\u00e9es soumises au scanner \u00e0 d\u00e9faut d\u2019analyses PCR qui ne sont pas incluses dans les r\u00e9sultats annonc\u00e9s quotidiennement, M. Bnebouzid a expliqu\u00e9 le PCR demeure \u00ab le meilleur moyen pour le d\u00e9pistage du virus, vu qu\u2019il s&rsquo;agit d&rsquo;une m\u00e9thode bas\u00e9e sur la multiplication s\u00e9lective de s\u00e9quences ADN, alors que le scanner ne donne pas des r\u00e9sultats fiables \u00e0 100% \u00bb. S\u2019agissant de la pression qui p\u00e8se sur certains h\u00f4pitaux du pays, notamment pour ce qui est du nombre de lits, le ministre a annonc\u00e9 \u00ab la mobilisation d\u2019\u00e9quipes et de commissions au niveau du minist\u00e8re qui examinent quotidiennement la situation pour assurer une bonne gestion \u00bb, r\u00e9v\u00e9lant \u00abla pr\u00e9paration de dispositifs d&rsquo;h\u00f4pitaux mobiles, en cas de n\u00e9cessit\u00e9 \u00bb.<\/div>\n<\/div>\n<p>Auteur: Ismain<br \/>\n<a href=\"https:\/\/www.reflexiondz.net\/LE-MINISTRE-DE-LA-SANTE-BENBOUZID-RASSURE-L-Algerie-se-procurera-le-vaccin-independamment-de-son-prix_a66363.html\">Cliquez ici pour lire l&rsquo;article depuis sa source.<\/a><\/p>\n","protected":false},"excerpt":{"rendered":"<p>Dans une d\u00e9claration \u00e0 la presse, en marge d&rsquo;une rencontre \u00e0 l\u2019occasion de la c\u00e9l\u00e9bration de la Journ\u00e9e nationale de lutte contre la r\u00e9sistance aux antimicrobiens (13 novembre), M. Benbouzid a pr\u00e9cis\u00e9 que l&rsquo;Alg\u00e9rie \u00ab\u00a0n&rsquo;importera aucun vaccin dont l\u2019innocuit\u00e9 et l\u2019efficacit\u00e9 ne sont pas assur\u00e9es dans le pays producteur, conform\u00e9ment aux instructions du pr\u00e9sident de [&hellip;]<\/p>\n","protected":false},"author":1740,"featured_media":0,"comment_status":"closed","ping_status":"closed","sticky":false,"template":"","format":"standard","meta":{"fifu_image_url":"","fifu_image_alt":"","footnotes":""},"categories":[53,76],"tags":[],"class_list":["post-105262","post","type-post","status-publish","format-standard","hentry","category-algerie","category-regions"],"_links":{"self":[{"href":"https:\/\/linitiative.ca\/International\/wp-json\/wp\/v2\/posts\/105262","targetHints":{"allow":["GET"]}}],"collection":[{"href":"https:\/\/linitiative.ca\/International\/wp-json\/wp\/v2\/posts"}],"about":[{"href":"https:\/\/linitiative.ca\/International\/wp-json\/wp\/v2\/types\/post"}],"author":[{"embeddable":true,"href":"https:\/\/linitiative.ca\/International\/wp-json\/wp\/v2\/users\/1740"}],"replies":[{"embeddable":true,"href":"https:\/\/linitiative.ca\/International\/wp-json\/wp\/v2\/comments?post=105262"}],"version-history":[{"count":0,"href":"https:\/\/linitiative.ca\/International\/wp-json\/wp\/v2\/posts\/105262\/revisions"}],"wp:attachment":[{"href":"https:\/\/linitiative.ca\/International\/wp-json\/wp\/v2\/media?parent=105262"}],"wp:term":[{"taxonomy":"category","embeddable":true,"href":"https:\/\/linitiative.ca\/International\/wp-json\/wp\/v2\/categories?post=105262"},{"taxonomy":"post_tag","embeddable":true,"href":"https:\/\/linitiative.ca\/International\/wp-json\/wp\/v2\/tags?post=105262"}],"curies":[{"name":"wp","href":"https:\/\/api.w.org\/{rel}","templated":true}]}}