{"id":105263,"date":"2020-11-20T10:08:00","date_gmt":"2020-11-20T15:08:00","guid":{"rendered":"https:\/\/linitiative.ca\/International\/proliferation-de-la-pandemie-de-la-covid-19-en-algerie-le-retour-au-confinement-total-exclu\/"},"modified":"2020-11-20T10:08:00","modified_gmt":"2020-11-20T15:08:00","slug":"proliferation-de-la-pandemie-de-la-covid-19-en-algerie-le-retour-au-confinement-total-exclu","status":"publish","type":"post","link":"https:\/\/linitiative.ca\/International\/proliferation-de-la-pandemie-de-la-covid-19-en-algerie-le-retour-au-confinement-total-exclu\/","title":{"rendered":"PROLIFERATION  DE LA PANDEMIE DE LA COVID-19 EN ALGERIE : Le retour au confinement total exclu"},"content":{"rendered":"<p><br id=\"sep_para_1\" class=\"sep_para access\"\/><\/p>\n<div id=\"para_1\" class=\"para_39593713 resize\">\n<div class=\"texte access firstletter\">Le Docteur Djamel Fourar, porte-parole du Comit\u00e9 scientifique de suivi de l\u2019\u00e9pid\u00e9mie du coronavirus, s\u2019est exprim\u00e9, ce jeudi 19 novembre 2020, sur la recrudescence de ces derniers jours de la pand\u00e9mie de la Covid-19 en Alg\u00e9rie. En effet, Dr Fourar a fait savoir que\u00a0 \u00ab C\u2019est une situation qui pr\u00e9vaut au niveau mondial. Nous avons vu dans tous les pays cette recrudescence importante de nouveaux cas et de d\u00e9c\u00e8s, et l\u2019Alg\u00e9rie n\u2019est pas \u00e9pargn\u00e9e, puisque, nous assistons depuis des jours \u00e0 une augmentation des cas \u00bb, a expliqu\u00e9 Dr Fourar au micro du journaliste de la Cha\u00eene III, Ahcene Chemache, en relevant qu\u2019avant-hier (mardi), \u00ab nous avons d\u00e9pass\u00e9 le cap des 1000 cas et \u00e9galement le nombre de d\u00e9c\u00e8s, on est pass\u00e9 d\u2019une moyenne de 10 cas \u00e0 20 d\u00e9c\u00e8s hier (mercredi, ndlr) \u00bb. Pour Dr Fourar, cela veut dire que \u00ab la situation est de plus en plus difficile, n\u00e9anmoins, l\u2019Etat a pris toutes les mesures \u00e0 travers le dispositif de d\u00e9pistage et de prise en charge qui est mis en place au niveau de l\u2019ensemble des wilayas pour faire face \u00e0 cette recrudescence du nombre de cas \u00bb. \u00ab Le citoyens doit jouer un r\u00f4le essentiel dans le cadre de la riposte nationale. Comment il doit intervenir?, en prenant en compte les mesures barri\u00e8res qui sont des gestes simples \u00e0 savoir l\u2019hygi\u00e8ne des mains, distanciation sociale et surtout le port du masque obligatoire en toutes circonstances pour arr\u00eater la transmission du virus \u00bb, a-t-il dit. Concernant le d\u00e9pistage, le porte-parole du Comit\u00e9 scientifique a assur\u00e9 qu&rsquo; \u00bbactuellement nous d\u00e9passons les cinquante laboratoires (publics et priv\u00e9s) et le nombre de tests est en train d\u2019augmenter \u00bb. \u00ab Maintenant, en dehors des PCR, il y a l\u2019av\u00e8nement des tests antig\u00e9niques qui vont apporter un plus en terme de diagnostic et de d\u00e9pistage \u00bb, a-t-il not\u00e9.<\/div>\n<\/div>\n<p>Auteur: Ismain<br \/>\n<a href=\"https:\/\/www.reflexiondz.net\/PROLIFERATION-DE-LA-PANDEMIE-DE-LA-COVID-19-EN-ALGERIE-Le-retour-au-confinement-total-exclu_a66360.html\">Cliquez ici pour lire l&rsquo;article depuis sa source.<\/a><\/p>\n","protected":false},"excerpt":{"rendered":"<p>Le Docteur Djamel Fourar, porte-parole du Comit\u00e9 scientifique de suivi de l\u2019\u00e9pid\u00e9mie du coronavirus, s\u2019est exprim\u00e9, ce jeudi 19 novembre 2020, sur la recrudescence de ces derniers jours de la pand\u00e9mie de la Covid-19 en Alg\u00e9rie. En effet, Dr Fourar a fait savoir que\u00a0 \u00ab C\u2019est une situation qui pr\u00e9vaut au niveau mondial. Nous avons [&hellip;]<\/p>\n","protected":false},"author":1740,"featured_media":0,"comment_status":"closed","ping_status":"closed","sticky":false,"template":"","format":"standard","meta":{"fifu_image_url":"","fifu_image_alt":"","footnotes":""},"categories":[53,76],"tags":[],"class_list":["post-105263","post","type-post","status-publish","format-standard","hentry","category-algerie","category-regions"],"_links":{"self":[{"href":"https:\/\/linitiative.ca\/International\/wp-json\/wp\/v2\/posts\/105263","targetHints":{"allow":["GET"]}}],"collection":[{"href":"https:\/\/linitiative.ca\/International\/wp-json\/wp\/v2\/posts"}],"about":[{"href":"https:\/\/linitiative.ca\/International\/wp-json\/wp\/v2\/types\/post"}],"author":[{"embeddable":true,"href":"https:\/\/linitiative.ca\/International\/wp-json\/wp\/v2\/users\/1740"}],"replies":[{"embeddable":true,"href":"https:\/\/linitiative.ca\/International\/wp-json\/wp\/v2\/comments?post=105263"}],"version-history":[{"count":0,"href":"https:\/\/linitiative.ca\/International\/wp-json\/wp\/v2\/posts\/105263\/revisions"}],"wp:attachment":[{"href":"https:\/\/linitiative.ca\/International\/wp-json\/wp\/v2\/media?parent=105263"}],"wp:term":[{"taxonomy":"category","embeddable":true,"href":"https:\/\/linitiative.ca\/International\/wp-json\/wp\/v2\/categories?post=105263"},{"taxonomy":"post_tag","embeddable":true,"href":"https:\/\/linitiative.ca\/International\/wp-json\/wp\/v2\/tags?post=105263"}],"curies":[{"name":"wp","href":"https:\/\/api.w.org\/{rel}","templated":true}]}}