{"id":105267,"date":"2020-11-20T08:51:00","date_gmt":"2020-11-20T13:51:00","guid":{"rendered":"https:\/\/linitiative.ca\/International\/lechange-electronique-des-donnees-un-levier-puissant-en-mode-777\/"},"modified":"2020-11-20T08:51:00","modified_gmt":"2020-11-20T13:51:00","slug":"lechange-electronique-des-donnees-un-levier-puissant-en-mode-777","status":"publish","type":"post","link":"https:\/\/linitiative.ca\/International\/lechange-electronique-des-donnees-un-levier-puissant-en-mode-777\/","title":{"rendered":"L\u2019\u00e9change \u00e9lectronique des donn\u00e9es : un levier puissant en mode 777"},"content":{"rendered":"<p>Il a tout de la puissance et de la rapidit\u00e9 d\u2019un avion gros porteur de type Boeing-777. Le hasard de la s\u00e9rie a en effet voulu que le d\u00e9cret gouvernemental rendant effectif l\u2019\u00e9change \u00e9lectronique des donn\u00e9es porte le num\u00e9ro 777 pour l\u2019ann\u00e9e 2020. Un texte majeur qui fixe les conditions, les modalit\u00e9s et les proc\u00e9dures d\u2019application du d\u00e9cret-loi du Chef du gouvernement n\u00b0 2020-31 du 10 juin 2020, relatif \u00e0 l\u2019\u00e9change \u00e9lectronique de donn\u00e9es entre les structures et leurs usagers et entre les structures.<\/p>\n<p>Etabli autour de trois axes, il institue l\u2019\u00e9change \u00e9lectronique des donn\u00e9es en principe de base, organise l\u2019interop\u00e9rabilit\u00e9 et pr\u00e9cise les modalit\u00e9s de la certification \u00e9lectronique. Trois fondamentaux qui pavent la voie \u00e0 la digitalisation effective de l\u2019administration et transforment utilement la relation avec l\u2019usager.<\/p>\n<p>L\u2019obligation est en effet faite aux structures publiques de fournir les services en ligne, de recourir \u00e0 l\u2019\u00e9change \u00e9lectronique entre elles et entre elles et leurs usagers et faire utiliser par tout agent public un e-mail professionnel.\u00a0 La correspondance \u00e9lectronique est aussi officialis\u00e9e. Elle est consid\u00e9r\u00e9e comme un document \u00e9lectronique engageant les parties concern\u00e9es par ledit document et dont on peut se pr\u00e9valoir aupr\u00e8s des structures publiques sauf dispositions contraires de la l\u00e9gislation en vigueur.<\/p>\n<p>Plus encore,un re\u00e7u \u00e9lectronique est fourni aux usagers prouvant la r\u00e9ception de leurs demandes. D\u00e8s que la demande du service en ligne est prise en charge par la structure concern\u00e9e, elle proc\u00e8de \u00e0 son examen sans avoir besoin de recourir \u00e0 une autre proc\u00e9dure.<\/p>\n<p>Quant \u00e0 l\u2019interop\u00e9rabilit\u00e9, elle permettra de garantir la bonne int\u00e9gration des syst\u00e8mes d\u2019information de l\u2019Administration. Aussi, la d\u00e9signation d\u2019un op\u00e9rateur attir\u00e9 favorisera l\u2019accomplissement d\u2019une s\u00e9rie de t\u00e2ches techniques et prudentielles essentielles (r\u00e9pertorie des bases de donn\u00e9es concern\u00e9es, mise en service d\u2019une plateforme s\u00e9curis\u00e9e et p\u00e9renne, gestion, etc.). Ce qui garantira la synchronisation et la fiabilit\u00e9 des donn\u00e9es et constituera un socle pour la simplification des proc\u00e9dures. La certification \u00e9lectronique enregistre de son c\u00f4t\u00e9 une grande avanc\u00e9e. Le service de courrier \u00e9lectronique avec accus\u00e9 de r\u00e9ception et le service de conservation \u00e9lectronique fiable sont fournis pour le compte priv\u00e9 ou pour le compte d\u2019autrui, dispose le d\u00e9cret gouvernemental.<\/p>\n<p><strong>Lire aussi<\/strong><\/p>\n<p><a href=\"https:\/\/www.leaders.com.tn\/article\/30947-fadhel-kraiem-la-banque-postale-ne-saurait-tarder\" target=\"_blank\" rel=\"noopener noreferrer\">Fadhel Kraiem : La banque postale ne saurait tarder<\/a><\/p>\n<p><a href=\"https:\/\/www.leaders.com.tn\/article\/30938-fadhel-kraiem-la-5-g-le-cahier-des-charges-en-2021\" target=\"_blank\" rel=\"noopener noreferrer\">Fadhel Kraiem : La 5 G ? le cahier des charges en 2021<\/a><\/p>\n<p><a href=\"https:\/\/www.leaders.com.tn\/article\/30924-govtech-l-acces-equitable-aux-prestations-administratives-numeriques\" target=\"_blank\" rel=\"noopener noreferrer\">GovTech : \u00e0 quand le passage \u00e0 l&rsquo;administration \u00e9lectronique ? La r\u00e9ponse du ministre des Technologies et de la communication, Fadhel Kraiem<\/a><\/p>\n<p><a href=\"https:\/\/www.leaders.com.tn\/article\/30907-fadhel-kraiem-nous-devons-organiser-et-favoriser-le-teletravail\" target=\"_blank\" rel=\"noopener noreferrer\">Comment la Tunisie doit se mettre au t\u00e9l\u00e9travail ? La r\u00e9ponse du ministre Fadhel Kra\u00efem<\/a><\/p>\n<p><a href=\"https:\/\/www.leaders.com.tn\/article\/30895-fadhel-kraiem-une-strategie-d-ensemble-est-urgente-pour-le-teleenseignement\" target=\"_blank\" rel=\"noopener noreferrer\">Fadhel Kraiem: une strat\u00e9gie d\u2019ensemble est urgente pour le t\u00e9l\u00e9enseignement<\/a><\/p>\n<p><a href=\"https:\/\/www.leaders.com.tn\/article\/30854-mohamed-fadhel-kraiem-monter-au-creneau-pour-un-enjeu-pays\" target=\"_blank\" rel=\"noopener noreferrer\">Mohamed Fadhel Kraiem: Monter au cr\u00e9neau pour un enjeu pays<\/a><\/p>\n<p><a href=\"https:\/\/www.leaders.com.tn\/article\/30874-fadhel-kraiem-sous-covid-19-le-secteur-numerique-a-ete-fantastique\" target=\"_blank\" rel=\"noopener noreferrer\">Fadhel Kraiem: Sous Covid-19, le secteur num\u00e9rique a \u00e9t\u00e9 fantastique<\/a><\/p>\n<p><a href=\"https:\/\/www.leaders.com.tn\/article\/30873-fadhel-kraiem-ministre-des-technologies-de-la-communication-acceleration-digitale-le-plan-et-les-mesures\" target=\"_blank\" rel=\"noopener noreferrer\">Fadhel Kraiem, Ministre des Technologies de la communication: Acc\u00e9l\u00e9ration digitale, le plan et les mesures<\/a><\/p>\n<p class=\"c2\"><strong><a href=\"https:\/\/www.leaders.com.tn\/le_mensuel_abonnez_vous\" target=\"_blank\" rel=\"noopener noreferrer\"><img loading=\"lazy\" decoding=\"async\" src=\"\/uploads\/FCK_files\/Bondou(12).jpg\" alt=\"\" width=\"500\" vspace=\"5\" hspace=\"5\" height=\"128\" align=\"middle\"\/><\/a><\/strong><\/p>\n<p>Auteur:<br \/>\n<a href=\"https:\/\/www.leaders.com.tn\/article\/30959-l-echange-electronique-des-donnees-un-levier-puissant-en-mode-777\">Cliquez ici pour lire l&rsquo;article depuis sa source.<\/a><\/p>\n","protected":false},"excerpt":{"rendered":"<p>Il a tout de la puissance et de la rapidit\u00e9 d\u2019un avion gros porteur de type Boeing-777. Le hasard de la s\u00e9rie a en effet voulu que le d\u00e9cret gouvernemental rendant effectif l\u2019\u00e9change \u00e9lectronique des donn\u00e9es porte le num\u00e9ro 777 pour l\u2019ann\u00e9e 2020. Un texte majeur qui fixe les conditions, les modalit\u00e9s et les proc\u00e9dures [&hellip;]<\/p>\n","protected":false},"author":1772,"featured_media":105268,"comment_status":"closed","ping_status":"closed","sticky":false,"template":"","format":"standard","meta":{"fifu_image_url":"","fifu_image_alt":"","footnotes":""},"categories":[73,55],"tags":[],"class_list":["post-105267","post","type-post","status-publish","format-standard","has-post-thumbnail","hentry","category-actualite","category-tunisie"],"_links":{"self":[{"href":"https:\/\/linitiative.ca\/International\/wp-json\/wp\/v2\/posts\/105267","targetHints":{"allow":["GET"]}}],"collection":[{"href":"https:\/\/linitiative.ca\/International\/wp-json\/wp\/v2\/posts"}],"about":[{"href":"https:\/\/linitiative.ca\/International\/wp-json\/wp\/v2\/types\/post"}],"author":[{"embeddable":true,"href":"https:\/\/linitiative.ca\/International\/wp-json\/wp\/v2\/users\/1772"}],"replies":[{"embeddable":true,"href":"https:\/\/linitiative.ca\/International\/wp-json\/wp\/v2\/comments?post=105267"}],"version-history":[{"count":0,"href":"https:\/\/linitiative.ca\/International\/wp-json\/wp\/v2\/posts\/105267\/revisions"}],"wp:featuredmedia":[{"embeddable":true,"href":"https:\/\/linitiative.ca\/International\/wp-json\/"}],"wp:attachment":[{"href":"https:\/\/linitiative.ca\/International\/wp-json\/wp\/v2\/media?parent=105267"}],"wp:term":[{"taxonomy":"category","embeddable":true,"href":"https:\/\/linitiative.ca\/International\/wp-json\/wp\/v2\/categories?post=105267"},{"taxonomy":"post_tag","embeddable":true,"href":"https:\/\/linitiative.ca\/International\/wp-json\/wp\/v2\/tags?post=105267"}],"curies":[{"name":"wp","href":"https:\/\/api.w.org\/{rel}","templated":true}]}}