{"id":105271,"date":"2020-11-20T11:10:44","date_gmt":"2020-11-20T16:10:44","guid":{"rendered":"https:\/\/linitiative.ca\/International\/sahara-marocain-tout-concourt-a-la-fin-du-polisario\/"},"modified":"2020-11-20T11:10:44","modified_gmt":"2020-11-20T16:10:44","slug":"sahara-marocain-tout-concourt-a-la-fin-du-polisario","status":"publish","type":"post","link":"https:\/\/linitiative.ca\/International\/sahara-marocain-tout-concourt-a-la-fin-du-polisario\/","title":{"rendered":"Sahara Marocain : tout concourt \u00e0 la fin du Polisario"},"content":{"rendered":"<p><strong>Les derniers \u00e9v\u00e8nements au poste-fronti\u00e8re de Guerguerat reliant le Maroc \u00e0 la Mauritanie font entrer le Royaume dans un temps diplomatique nouveau qui lui est hautement favorable. Au-del\u00e0 de l\u2019incident de blocage des fronti\u00e8res par des miliciens du Polisario suivi du r\u00e9tablissement de la circulation des biens et des personnes par les forces arm\u00e9es royales, comprendre le momentum et le contexte g\u00e9opolitique de cette crise est plus r\u00e9v\u00e9lateur que la crise elle-m\u00eame.<\/strong><\/p>\n<div class=\"c10\"\/>\n<p><strong>Un contexte international favorable au Maroc<\/strong><\/p>\n<p>En effet \u00e0 l\u2019origine de la mont\u00e9e en tensions de la r\u00e9gion, la d\u00e9cision du Polisario de proc\u00e9der \u00e0 la fermeture du passage frontalier de Guerguerat montre que les mercenaires ne veulent plus prolonger l\u2019accord de paix de 1991 dans la mesure o\u00f9 le cessez-le-feu cantonne le diff\u00e9rend sur le terrain politique. C\u2019est pr\u00e9cis\u00e9ment sur ce terrain que le Maroc a objectivement remport\u00e9 de grandes batailles diplomatiques ces derni\u00e8res ann\u00e9es o\u00f9 pas moins d\u2019une vingtaine de pays ont retir\u00e9 leur reconnaissance de la RASD.<br \/>Si la d\u00e9faite diplomatique n\u2019est pas chose nouvelle, le Polisario a en revanche bien per\u00e7u le changement de ton que prenaient les Nations-Unies. Le Polisario en plus de perdre la bataille diplomatique a perdu consid\u00e9rablement de son influence au sein des organisations internationales. L\u2019Union africaine a laiss\u00e9 l\u2019exclusivit\u00e9 de la r\u00e9solution de ce conflit aux Nations Unies, et cette derni\u00e8re, du fait de la terminologie utilis\u00e9e par son secr\u00e9taire g\u00e9n\u00e9ral, mais aussi par l\u2019hostilit\u00e9 de tous les membres du conseil de s\u00e9curit\u00e9 de la cr\u00e9ation d\u2019un nouvel \u00c9tat dans la r\u00e9gion fait que l\u2019ensemble des bases de r\u00e9solution de conflit converge vers le projet d\u2019autonomie propos\u00e9 par le Maroc.<br \/>Enfin le Polisario est mis \u00e0 mal par sa branche la plus jeune qui, abreuv\u00e9e pendant des ann\u00e9es par le r\u00eave d\u2019un \u00c9tat se radicalise de plus en plus et veut quitter le terrain diplomatique. Cette pression est d\u2019autant plus forte que la cooptation des anciens chefs du Polisario par l\u2019Alg\u00e9rie n\u2019est plus un argument d\u2019autorit\u00e9 du fait de la crise syst\u00e9mique que traverse Alger.<br \/>Le deuxi\u00e8me momentum est amen\u00e9 par l\u2019affaiblissement structurel de l\u2019Alg\u00e9rie du fait des multiples \u00e9branlements qu\u2019elle traverse. En effet, en plus d\u2019\u00eatre le pays le plus touch\u00e9 de la r\u00e9gion par la pand\u00e9mie du Covid-19, l\u2019Alg\u00e9rie traverse un s\u00e9isme \u00e9conomique aux fortes r\u00e9percussions sociales du fait de l\u2019effondrement des prix du baril qui stagnent autour de 40 USD le baril de Brent, l\u00e0 o\u00f9 Alger aurait besoin de 157 dollars le baril pour avoir un budget \u00e0 l\u2019\u00e9quilibre. Cet affaiblissement \u00e9conomique intervient pr\u00e9cis\u00e9ment au moment o\u00f9 le pouvoir traverse une profonde crise politique; en plus de la tension politique suscit\u00e9e par le Hirak, et la pression d\u2019une possible reprise de ce mouvement, le gouvernement alg\u00e9rien a aggrav\u00e9 cette crise avec l\u2019organisation d\u2019un r\u00e9f\u00e9rendum fortement d\u00e9savou\u00e9 par la population avec un taux de participation de 26%, alors qu\u2019elle \u00e9tait la mesure phare du gouvernement en r\u00e9ponse au Hirak. Enfin, l\u2019hospitalisation prolong\u00e9e du pr\u00e9sident Tebboune en Allemagne pour une dur\u00e9e inconnue a d\u00e9capit\u00e9 l\u2019ex\u00e9cutif alg\u00e9rien qui traverse une \u00e9ni\u00e8me guerre des clans entre les partisans du pr\u00e9sident, de l\u2019\u00c9tat-major de l\u2019arm\u00e9e et ceux du DSS ( D\u00e9partement de Surveillance et de S\u00e9curit\u00e9, ndlr) .<\/p>\n<p>Cette profonde crise syst\u00e9mique fait qu\u2019aussi bien constitutionnellement que dans les faits, l\u2019ex\u00e9cutif alg\u00e9rien est dans un brouillard total, incapable donc de r\u00e9agir et de coordonner une politique efficace face \u00e0 l\u2019intervention militaire marocaine au Sahara.<\/p>\n<p><strong>Lire aussi | <a href=\"https:\/\/www.challenge.ma\/manuel-valls-le-polisario-constitue-une-menace-reelle-pour-la-securite-dans-la-region-du-sahel-165957\/\">Manuel Valls : \u00ab Le polisario constitue une menace r\u00e9elle pour la s\u00e9curit\u00e9 dans la r\u00e9gion du Sahel \u00bb<\/a><\/strong><\/p>\n<p>Enfin le troisi\u00e8me point contextuel que doit prendre en consid\u00e9ration le Maroc est le retrait partiel des \u00c9tats-Unis dans les affaires internationales initi\u00e9 par Obama avec sa doctrine \u00ab leading from behind \u00bb et poursuivi par le pr\u00e9sident Trump avec son isolationnisme politique et son protectionnisme \u00e9conomique. Cette tendance diplomatique qui a toutes les chances d\u2019\u00eatre poursuivie par le pr\u00e9sident Biden affaiblit structurellement le poids de l\u2019ONU dans les r\u00e9solutions de conflits et ce sont donc davantage les rapports de force et les alliances multilat\u00e9rales qui priment comme nous avons pu l\u2019observer r\u00e9cemment avec le conflit du Haut Karabagh. C\u2019est pour le Maroc, qui acquit \u00e0 sa cause la majorit\u00e9 des chancelleries du monde sur sa souverainet\u00e9 territoriale, une opportunit\u00e9 d\u2019entrer dans un temps diplomatique nouveau.<\/p>\n<p><strong>Comment la diplomatie marocaine peut-elle tirer avantage de ce contexte ?<\/strong><\/p>\n<p>L\u2019intervention des forces arm\u00e9es royales, des semaines apr\u00e8s le d\u00e9but des blocages au poste-fronti\u00e8re de Guerguerat a permis d\u2019acter que le Polisario avait viol\u00e9 le statuquo, comme en t\u00e9moigne les nombreuses d\u00e9clarations du Secr\u00e9taire General des Nations unies \u00e0 ce sujet. Ainsi, dans ce conflit gel\u00e9 depuis 1991, le Maroc agit en situation de l\u00e9gitime d\u00e9fense, mais doit utiliser cette situation de fait pour garder le contr\u00f4le et la surveillance militaire de la r\u00e9gion tampon. Cela peut \u00eatre facilement obtenu par la Mauritanie dans la mesure o\u00f9 Nouakchott a \u00e9galement souffert de ce blocage, et l\u2019argument s\u00e9curitaire -en plus d\u2019\u00eatre prouv\u00e9 par les incursions du Polisario- est un argument de poids \u00e0 l\u2019heure o\u00f9 les regards sont tourn\u00e9s vers le nord Mali et la Libye. Le Maroc est un p\u00f4le de stabilit\u00e9 que nul ne voudra fragiliser.<br \/>Ce conflit d\u00e8s lors prend une autre tournure. Ce n\u2019est plus aux yeux de la communaut\u00e9 internationale, deux bellig\u00e9rants qui \u0153uvrent \u00e0 une solution sur le terrain politique, mais plut\u00f4t un \u00c9tat qui veut r\u00e9soudre le conflit par la voie diplomatique face \u00e0 une entit\u00e9 qui veut perturber ces efforts et \u00e0 tout prix passer par la voie des armes. Cela ne peut que renforcer le soutien au plan d\u2019autonomie marocain aupr\u00e8s des Puissances membre du conseil de s\u00e9curit\u00e9 comme la Chine qui a besoin d\u2019une r\u00e9gion stable pour la mise en place de son vaste plan des routes de la soie, ainsi que de la Russie qui, apr\u00e8s ces interventions en Syrie et Libye, a orient\u00e9e sa doctrine diplomatique en soutiens aux \u00c9tats et \u00e0 combattre toutes les entit\u00e9s qu\u2019elle per\u00e7oit comme d\u00e9stabilisatrices par nature. Le Maroc doit donc garder le conflit sur le terrain politique qui lui est hautement favorable et r\u00e9pondre si besoin au terrain militaire en conservant les avantages acquis sur le terrain.<\/p>\n<p><strong>Lire aussi |<\/strong> <strong><a href=\"https:\/\/www.challenge.ma\/sahara-marocain-lespagne-persiste-et-signe-165942\/\">Sahara marocain : l\u2019Espagne persiste et signe<\/a><\/strong><\/p>\n<p>Enfin, il est possible que la branche jeune du Polisario parvienne \u00e0 imposer sa vision d\u2019un retour \u00e0 une guerre aupr\u00e8s des anciens cadres du mouvement qui savent que le r\u00eave d\u2019ind\u00e9pendance rel\u00e8ve depuis bien longtemps d\u2019une chim\u00e8re. Les jeunes du Polisario sont plus id\u00e9alistes, plus radicaux, mais n\u2019ont en revanche aucune exp\u00e9rience militaire de terrain. Or le rapport de force est naturellement clairement en la faveur des FAR. Une guerre \u00e0 proprement parler est improbable, mais des accrochages soutenus et violents ne sont en revanche pas \u00e0 exclure. Dans ce cas de figure, la sup\u00e9riorit\u00e9 militaire marocaine ne va pas changer la s\u00e9paration \u00e9difi\u00e9e par le mur de sable, mais pourra tuer dans l\u2019esprit de cette milice l\u2019id\u00e9e de victoire sur le plan militaire, comme la diplomatie marocaine a d\u00e9j\u00e0 tu\u00e9 l\u2019id\u00e9e d\u2019une victoire sur le terrain diplomatique. Seulement, alors les vraies n\u00e9gociations d\u00e9buteront, in\u00e9luctablement dans le cadre du plan d\u2019autonomie propos\u00e9 par le Maroc.<\/p>\n<p><strong>Par Anas Abdoun<\/strong><\/p>\n<p><strong>Anas Abdoun est analyste en prospective \u00e9conomique et g\u00e9opolitique chez Stratas Advisors, une compagnie de consulting sp\u00e9cialis\u00e9e dans le secteur p\u00e9trolier, o\u00f9 il suit les marches \u00e9nerg\u00e9tiques au Moyen-Orient, en Afrique du Nord, ainsi qu\u2019en Afrique subsaharienne. Il est \u00e9galement consultant ind\u00e9pendant bas\u00e9 \u00e0 Casablanca.<\/strong><\/p>\n<p>Auteur: challenge<br \/>\n<a href=\"https:\/\/www.challenge.ma\/sahara-marocain-tout-concourt-a-la-fin-du-polisario-165976\/\">Cliquez ici pour lire l&rsquo;article depuis sa source.<\/a><\/p>\n","protected":false},"excerpt":{"rendered":"<p>Les derniers \u00e9v\u00e8nements au poste-fronti\u00e8re de Guerguerat reliant le Maroc \u00e0 la Mauritanie font entrer le Royaume dans un temps diplomatique nouveau qui lui est hautement favorable. Au-del\u00e0 de l\u2019incident de blocage des fronti\u00e8res par des miliciens du Polisario suivi du r\u00e9tablissement de la circulation des biens et des personnes par les forces arm\u00e9es royales, [&hellip;]<\/p>\n","protected":false},"author":1787,"featured_media":0,"comment_status":"closed","ping_status":"closed","sticky":false,"template":"","format":"standard","meta":{"fifu_image_url":"","fifu_image_alt":"","footnotes":""},"categories":[78,54],"tags":[],"class_list":["post-105271","post","type-post","status-publish","format-standard","hentry","category-economie","category-maroc"],"_links":{"self":[{"href":"https:\/\/linitiative.ca\/International\/wp-json\/wp\/v2\/posts\/105271","targetHints":{"allow":["GET"]}}],"collection":[{"href":"https:\/\/linitiative.ca\/International\/wp-json\/wp\/v2\/posts"}],"about":[{"href":"https:\/\/linitiative.ca\/International\/wp-json\/wp\/v2\/types\/post"}],"author":[{"embeddable":true,"href":"https:\/\/linitiative.ca\/International\/wp-json\/wp\/v2\/users\/1787"}],"replies":[{"embeddable":true,"href":"https:\/\/linitiative.ca\/International\/wp-json\/wp\/v2\/comments?post=105271"}],"version-history":[{"count":0,"href":"https:\/\/linitiative.ca\/International\/wp-json\/wp\/v2\/posts\/105271\/revisions"}],"wp:attachment":[{"href":"https:\/\/linitiative.ca\/International\/wp-json\/wp\/v2\/media?parent=105271"}],"wp:term":[{"taxonomy":"category","embeddable":true,"href":"https:\/\/linitiative.ca\/International\/wp-json\/wp\/v2\/categories?post=105271"},{"taxonomy":"post_tag","embeddable":true,"href":"https:\/\/linitiative.ca\/International\/wp-json\/wp\/v2\/tags?post=105271"}],"curies":[{"name":"wp","href":"https:\/\/api.w.org\/{rel}","templated":true}]}}