{"id":105272,"date":"2020-11-20T11:24:39","date_gmt":"2020-11-20T16:24:39","guid":{"rendered":"https:\/\/linitiative.ca\/International\/cotisation-minimale-le-gouvernement-mise-sur-un-reamenagement-progressif-des-regles-de-liquidation\/"},"modified":"2020-11-20T11:24:39","modified_gmt":"2020-11-20T16:24:39","slug":"cotisation-minimale-le-gouvernement-mise-sur-un-reamenagement-progressif-des-regles-de-liquidation","status":"publish","type":"post","link":"https:\/\/linitiative.ca\/International\/cotisation-minimale-le-gouvernement-mise-sur-un-reamenagement-progressif-des-regles-de-liquidation\/","title":{"rendered":"Cotisation minimale: le gouvernement mise sur un r\u00e9am\u00e9nagement progressif des r\u00e8gles de liquidation"},"content":{"rendered":"<p><strong>Selon le ministre de l\u2019Economie, des finances et de la R\u00e9forme de l\u2019administration, Mohamed Bencha\u00e2boun, le gouvernement est effectivement engag\u00e9 dans la mise en \u0153uvre des recommandations des Troisi\u00e8mes Assises Nationales sur la Fiscalit\u00e9, tenues les 03 et 04 mai 2019 \u00e0 Skhirat. Ceci \u00e0 travers la r\u00e9duction progressive du taux marginal et l\u2019instauration d\u2019un taux sp\u00e9cifique au secteur de l\u2019industrie \u00e0 partir de la Loi de finances 2020.<br \/><\/strong><br \/>Le ministre a fait cette d\u00e9claration lors de son passage au parlement le 20 novembre. Il a aussi affirm\u00e9 que le r\u00e9am\u00e9nagement des r\u00e8gles de liquidation de la cotisation minimale de l\u2019imp\u00f4t doit se faire progressivement en tenant compte de la probl\u00e9matique des entreprises d\u00e9clarant un d\u00e9ficit permanent, de la n\u00e9cessit\u00e9 d\u2019\u00e9largir l\u2019assiette et de l\u2019am\u00e9lioration de la transparence des d\u00e9clarations d\u2019imp\u00f4ts.<\/p>\n<div class=\"c10\"\/>\n<p><strong>Lire aussi| <a href=\"https:\/\/www.challenge.ma\/coronavirus-loms-desormais-opposee-au-remdesivir-dans-le-traitement-des-malades-du-covid-19-165911\/\">Coronavirus : l\u2019OMS d\u00e9sormais oppos\u00e9e au Remdesivir dans le traitement des malades du Covid-19<\/a><\/strong><\/p>\n<p>\u00ab\u00a0Le principe du minimum d\u2019imposition consiste \u00e0 s\u2019acquitter d\u2019une cotisation minimale dans les charges support\u00e9es par l\u2019Etat en vue de garantir l\u2019infrastructure n\u00e9cessaire, la s\u00e9curit\u00e9, etc.\u00a0\u00bb,\u00a0 a expliqu\u00e9 Mohamed Bencha\u00e2boun, dans sa r\u00e9ponse aux interventions des conseillers de la Commission des finances, de la planification et du d\u00e9veloppement \u00e9conomique lors de la discussion g\u00e9n\u00e9rale du projet de loi de Finance (PLF) \u00e0 la Chambre des conseillers.<\/p>\n<p><strong>Lire aussi| <a href=\"https:\/\/www.challenge.ma\/limmunite-contre-le-coronavirus-pourrait-durer-tres-longtemps-etude-165888\/\">L\u2019immunit\u00e9 contre le coronavirus pourrait durer tr\u00e8s longtemps [\u00c9tude]<\/a><\/strong><\/p>\n<p>Le ministre des Finances n\u2019a pas manqu\u00e9 de faire remarquer que la r\u00e9duction du taux de l\u2019imp\u00f4t sur la soci\u00e9t\u00e9, dans ces conditions exceptionnelles marqu\u00e9es par les r\u00e9percussions de la pand\u00e9mie du nouveau coronavirus (covid-19) sur l\u2019\u00e9conomie nationale et le Budget g\u00e9n\u00e9ral de l\u2019Etat, est de nature \u00e0 impacter n\u00e9gativement les recettes de l\u2019Etat. Il a, toutefois, assur\u00e9 que la mise en \u0153uvre de ces recommandations se poursuivra durant les prochaines ann\u00e9es et que le gouvernement a \u00e9labor\u00e9 un projet de loi cadre qui a \u00e9t\u00e9 soumis au Secr\u00e9tariat g\u00e9n\u00e9ral du gouvernement.<\/p>\n<p>Auteur: challenge<br \/>\n<a href=\"https:\/\/www.challenge.ma\/mohamed-benchaaboun-le-reamenagement-des-regles-de-liquidation-de-la-cotisation-minimale-de-limpot-doit-se-faire-progressivement-165982\/\">Cliquez ici pour lire l&rsquo;article depuis sa source.<\/a><\/p>\n","protected":false},"excerpt":{"rendered":"<p>Selon le ministre de l\u2019Economie, des finances et de la R\u00e9forme de l\u2019administration, Mohamed Bencha\u00e2boun, le gouvernement est effectivement engag\u00e9 dans la mise en \u0153uvre des recommandations des Troisi\u00e8mes Assises Nationales sur la Fiscalit\u00e9, tenues les 03 et 04 mai 2019 \u00e0 Skhirat. Ceci \u00e0 travers la r\u00e9duction progressive du taux marginal et l\u2019instauration d\u2019un [&hellip;]<\/p>\n","protected":false},"author":1787,"featured_media":0,"comment_status":"closed","ping_status":"closed","sticky":false,"template":"","format":"standard","meta":{"fifu_image_url":"","fifu_image_alt":"","footnotes":""},"categories":[78,54],"tags":[],"class_list":["post-105272","post","type-post","status-publish","format-standard","hentry","category-economie","category-maroc"],"_links":{"self":[{"href":"https:\/\/linitiative.ca\/International\/wp-json\/wp\/v2\/posts\/105272","targetHints":{"allow":["GET"]}}],"collection":[{"href":"https:\/\/linitiative.ca\/International\/wp-json\/wp\/v2\/posts"}],"about":[{"href":"https:\/\/linitiative.ca\/International\/wp-json\/wp\/v2\/types\/post"}],"author":[{"embeddable":true,"href":"https:\/\/linitiative.ca\/International\/wp-json\/wp\/v2\/users\/1787"}],"replies":[{"embeddable":true,"href":"https:\/\/linitiative.ca\/International\/wp-json\/wp\/v2\/comments?post=105272"}],"version-history":[{"count":0,"href":"https:\/\/linitiative.ca\/International\/wp-json\/wp\/v2\/posts\/105272\/revisions"}],"wp:attachment":[{"href":"https:\/\/linitiative.ca\/International\/wp-json\/wp\/v2\/media?parent=105272"}],"wp:term":[{"taxonomy":"category","embeddable":true,"href":"https:\/\/linitiative.ca\/International\/wp-json\/wp\/v2\/categories?post=105272"},{"taxonomy":"post_tag","embeddable":true,"href":"https:\/\/linitiative.ca\/International\/wp-json\/wp\/v2\/tags?post=105272"}],"curies":[{"name":"wp","href":"https:\/\/api.w.org\/{rel}","templated":true}]}}