{"id":105281,"date":"2020-11-20T13:57:47","date_gmt":"2020-11-20T18:57:47","guid":{"rendered":"https:\/\/linitiative.ca\/International\/eddie-comboigo-apres-mon-election-je-prendrai-mon-avion-pour-aller-chercher-blaise-compaore\/"},"modified":"2020-11-20T13:57:47","modified_gmt":"2020-11-20T18:57:47","slug":"eddie-comboigo-apres-mon-election-je-prendrai-mon-avion-pour-aller-chercher-blaise-compaore","status":"publish","type":"post","link":"https:\/\/linitiative.ca\/International\/eddie-comboigo-apres-mon-election-je-prendrai-mon-avion-pour-aller-chercher-blaise-compaore\/","title":{"rendered":"Eddie Combo\u00efgo\u00a0:\u00ab\u00a0Apr\u00e8s mon \u00e9lection, je prendrai mon avion pour aller chercher Blaise Compaor\u00e9\u00a0\u00bb"},"content":{"rendered":"<div class=\"td-post-featured-image\"><a href=\"https:\/\/www.sidwaya.info\/wp-content\/uploads\/2020\/11\/1.jpeg\" data-caption=\"\"><img loading=\"lazy\" decoding=\"async\" width=\"640\" height=\"480\" class=\"entry-thumb td-modal-image\" src=\"https:\/\/www.sidwaya.info\/wp-content\/uploads\/2020\/11\/1.jpeg\" srcset=\"https:\/\/www.sidwaya.info\/wp-content\/uploads\/2020\/11\/1.jpeg 640w, https:\/\/www.sidwaya.info\/wp-content\/uploads\/2020\/11\/1-300x225.jpeg 300w, https:\/\/www.sidwaya.info\/wp-content\/uploads\/2020\/11\/1-560x420.jpeg 560w, https:\/\/www.sidwaya.info\/wp-content\/uploads\/2020\/11\/1-80x60.jpeg 80w, https:\/\/www.sidwaya.info\/wp-content\/uploads\/2020\/11\/1-265x198.jpeg 265w\" sizes=\"auto, (max-width: 640px) 100vw, 640px\" alt=\"\" title=\"1\"\/><\/a><\/div>\n<p><strong>Le Congr\u00e8s pour la d\u00e9mocratie et le progr\u00e8s (CDP) a clos sa campagne pour les \u00e9lections, ce vendredi 20 novembre 2020, dans l\u2019apr\u00e8s-midi \u00e0 Ziniar\u00e9. A l\u2019occasion, le candidat Eddie Combo\u00efgo a promis le retour de Blaise Compaor\u00e9, au lendemain de sa victoire.<\/strong><\/p>\n<p>C\u2019est dans le fief de l\u2019ancien pr\u00e9sident du Faso, Blaise Compaor\u00e9, que le Congr\u00e8s pour la d\u00e9mocratie et le progr\u00e8s (CDP) a d\u00e9cid\u00e9 de clore la conqu\u00eate de l\u2019\u00e9lectorat. C\u2019est une mobilisation des grands jours qui a accueilli le candidat Eddie Combo\u00efgo, \u00e0 la place de la gare.<\/p>\n<p>Il a dit venu informer les autorit\u00e9s coutumi\u00e8res et religieuses, la population que le pouvoir est de retour dans l\u2019Oubritenga. Apr\u00e8s avoir fait le tour du pays, le candidat se veut confiant pour l\u2019\u00e9lection en tant que Pr\u00e9sident du Faso, au soir du 22 novembre 2020. Une fois act\u00e9e, il ne reste qu\u2019\u00e0 faire revenir Blaise Compaor\u00e9, foi d\u2019Eddie Combo\u00efgo.<\/p>\n<p>\u00ab\u00a0<em>Apres mon \u00e9lection, je prendrai mon avion pour aller chercher notre fr\u00e8re, fils, pr\u00e9sident, celui qui a souffert pendant 27 ans, pour que le Burkina devienne ce qu\u2019il est aujourd\u2019hui. Je suis venu vous dire que j\u2019irai chercher Balaise Compaor\u00e9<\/em>\u00a0\u00bb, a-t-il affirm\u00e9, devant une foule en liesse.<\/p>\n<p>La directrice provinciale de campagne du CDP\/Oubritenga, Ma\u00efmouna Ou\u00e9draogo, a rassur\u00e9 Eddie Combo\u00efgo du choix des \u00e9lecteurs de la province et de reconqu\u00eate du pouvoir par les urnes.<\/p>\n<p>\u00ab\u00a0<em>Les \u00e9lecteurs me chargent de vous rassurer leur vote massif pour la victoire du CDP. Ils me chargent aussi de vous dire que rien ne peut d\u00e9tourner leur fid\u00e9lit\u00e9 au CDP et au pr\u00e9sident Blaise Compaor\u00e9<\/em>\u00a0\u00bb, a-t-elle argu\u00e9.<\/p>\n<p>Pour elle, le champion du CDP est la solution aux probl\u00e8mes de terrorisme, de la morosit\u00e9 \u00e9conomique, de r\u00e9conciliation nationale.<\/p>\n<p>Djakaridia SIRIBIE<\/p>\n<div class=\"td-a-rec td-a-rec-id-content_bottom tdi_30_88c td_block_template_1\"><img loading=\"lazy\" decoding=\"async\" class=\"aligncenter size-full wp-image-27454\" src=\"https:\/\/www.sidwaya.info\/wp-content\/uploads\/2020\/10\/PUB-Bandeau-paiement-mobile-siteweb.jpg\" alt=\"\" width=\"728\" height=\"90\"\/><\/div>\n<p>Auteur: BS. Sidwaya<br \/>\n<a href=\"https:\/\/www.sidwaya.info\/blog\/2020\/11\/20\/eddie-comboigo-apres-mon-election-je-prendrai-mon-avion-pour-aller-chercher-blaise-compaore\/\">Cliquez ici pour lire l&rsquo;article depuis sa source.<\/a><\/p>\n","protected":false},"excerpt":{"rendered":"<p>Le Congr\u00e8s pour la d\u00e9mocratie et le progr\u00e8s (CDP) a clos sa campagne pour les \u00e9lections, ce vendredi 20 novembre 2020, dans l\u2019apr\u00e8s-midi \u00e0 Ziniar\u00e9. A l\u2019occasion, le candidat Eddie Combo\u00efgo a promis le retour de Blaise Compaor\u00e9, au lendemain de sa victoire. C\u2019est dans le fief de l\u2019ancien pr\u00e9sident du Faso, Blaise Compaor\u00e9, que [&hellip;]<\/p>\n","protected":false},"author":1816,"featured_media":105282,"comment_status":"closed","ping_status":"closed","sticky":false,"template":"","format":"standard","meta":{"fifu_image_url":"","fifu_image_alt":"","footnotes":""},"categories":[73,81],"tags":[],"class_list":["post-105281","post","type-post","status-publish","format-standard","has-post-thumbnail","hentry","category-actualite","category-burkina-faso"],"_links":{"self":[{"href":"https:\/\/linitiative.ca\/International\/wp-json\/wp\/v2\/posts\/105281","targetHints":{"allow":["GET"]}}],"collection":[{"href":"https:\/\/linitiative.ca\/International\/wp-json\/wp\/v2\/posts"}],"about":[{"href":"https:\/\/linitiative.ca\/International\/wp-json\/wp\/v2\/types\/post"}],"author":[{"embeddable":true,"href":"https:\/\/linitiative.ca\/International\/wp-json\/wp\/v2\/users\/1816"}],"replies":[{"embeddable":true,"href":"https:\/\/linitiative.ca\/International\/wp-json\/wp\/v2\/comments?post=105281"}],"version-history":[{"count":0,"href":"https:\/\/linitiative.ca\/International\/wp-json\/wp\/v2\/posts\/105281\/revisions"}],"wp:featuredmedia":[{"embeddable":true,"href":"https:\/\/linitiative.ca\/International\/wp-json\/"}],"wp:attachment":[{"href":"https:\/\/linitiative.ca\/International\/wp-json\/wp\/v2\/media?parent=105281"}],"wp:term":[{"taxonomy":"category","embeddable":true,"href":"https:\/\/linitiative.ca\/International\/wp-json\/wp\/v2\/categories?post=105281"},{"taxonomy":"post_tag","embeddable":true,"href":"https:\/\/linitiative.ca\/International\/wp-json\/wp\/v2\/tags?post=105281"}],"curies":[{"name":"wp","href":"https:\/\/api.w.org\/{rel}","templated":true}]}}