{"id":105291,"date":"2020-11-20T13:18:07","date_gmt":"2020-11-20T18:18:07","guid":{"rendered":"https:\/\/linitiative.ca\/International\/la-chambre-de-commerce-marocaine-en-cote-divoire-en-joie-apres-la-liberation-del-guergarate\/"},"modified":"2020-11-20T13:18:07","modified_gmt":"2020-11-20T18:18:07","slug":"la-chambre-de-commerce-marocaine-en-cote-divoire-en-joie-apres-la-liberation-del-guergarate","status":"publish","type":"post","link":"https:\/\/linitiative.ca\/International\/la-chambre-de-commerce-marocaine-en-cote-divoire-en-joie-apres-la-liberation-del-guergarate\/","title":{"rendered":"La Chambre de commerce marocaine en C\u00f4te d\u2019Ivoire en \u00ab\u00a0joie\u00a0\u00bb apr\u00e8s la lib\u00e9ration d\u2019El Guergarate"},"content":{"rendered":"<p>La Chambre de commerce et d\u2019industrie marocaine en C\u00f4te d\u2019Ivoire, au travers de son pr\u00e9sident El Hamzaoui Saad, a exprim\u00e9 la \u00ab\u00a0joie\u00a0\u00bb de l\u2019organisation apr\u00e8s la lib\u00e9ration et la s\u00e9curisation de El Guergarate, zone-tampon entre le Polisario et le Maroc, au Sarah marocain, dans un entretien \u00e0 APA.L\u2019occupation du point de passage de Guergarate par les s\u00e9paratistes du Polisario a frein\u00e9 les importations et les exportations entre le Royaume ch\u00e9rifien et l\u2019Afrique Subsaharienne.<\/p>\n<p>Le Maroc, dans cet \u00e9lan, a lanc\u00e9 le 13 novembre 2020 une op\u00e9ration militaire dans le poste-fronti\u00e8re de Guergarate, \u00e0 la fronti\u00e8re avec la Mauritanie, lib\u00e9rant ce point de passage investi par des hommes du Polisario, au Sahara marocain.<\/p>\n<p>La Chambre du commerce et d\u2019industrie marocaine en C\u00f4te d\u2019Ivoire (CCIM-CI) se f\u00e9licite que, \u00ab\u00a0conform\u00e9ment aux hautes instructions du Roi Mohammed VI, Chef Supr\u00eame et Chef d\u2019Etat-Major G\u00e9n\u00e9ral des Forces arm\u00e9es royales, une op\u00e9ration de r\u00e9tablissement de la libre circulation des personnes et de leurs biens a \u00e9t\u00e9 men\u00e9e au passage d\u2019El Guergarate \u00ab\u00a0, a d\u00e9clar\u00e9 M. El Hamzaoui.<\/p>\n<p>Le pr\u00e9sident de la Chambre de commerce et d\u2019industrie marocaine en C\u00f4te d\u2019Ivoire (CCIMCI), El Hamzaoui Saad, a fait observer que \u00ab\u00a0quelques membres de cette Chambre qui font du business en provenance et en partance du Maroc, \u00e0 travers cette voie routi\u00e8re, ont \u00e9t\u00e9 \u00e9norm\u00e9ment impact\u00e9s\u00a0\u00bb.<\/p>\n<p>Mais aujourd\u2019hui, se r\u00e9jouit-il, \u00ab\u00a0ce passage est s\u00e9curis\u00e9 par les forces arm\u00e9es royales\u00a0\u00bb suite aux instructions du Roi Mohammed VI, qui tient tant \u00e0 la coop\u00e9ration Sud-Sud entre le Maroc et les pays subsahariens.<\/p>\n<p>Il a rassur\u00e9 la Chambre que \u00ab\u00a0ce passage entre le Maroc et la Mauritanie est \u00e0 pr\u00e9sent compl\u00e8tement s\u00e9curis\u00e9 par la mise en place d\u2019un cordon de s\u00e9curit\u00e9 par les Forces arm\u00e9es royales (FAR)\u00a0\u00bb, apr\u00e8s \u00ab\u00a0l\u2019op\u00e9ration qui s\u2019est d\u00e9roul\u00e9e de fa\u00e7on pacifique et \u00e0 la grande satisfaction de l\u2019ensemble du peuple marocain\u00a0\u00bb.<\/p>\n<p>\u00ab\u00a0Nous avons des partenaires qui font des affaires avec le Maroc (et surtout) des transporteurs qui ont v\u00e9cu l\u2019enfer pendant trois semaines par une poign\u00e9e de bandits\u00a0\u00bb, a relev\u00e9 M. El Hamzaoui Saad, mentionnant que leurs marchandises \u00e9taient bloqu\u00e9es et se sont, naturellement, d\u00e9grad\u00e9es.<\/p>\n<p>Cet homme d\u2019Affaires op\u00e9rant en C\u00f4te d\u2019Ivoire et rompu aux arcanes des relations commerciales, affirme avoir \u00e9chang\u00e9 avec ces op\u00e9rateurs \u00e9conomiques de \u00ab\u00a0cette difficult\u00e9 qui \u00e9tait tr\u00e8s tr\u00e8s p\u00e9nible pour eux \u00e0 supporter\u00a0\u00bb.<\/p>\n<p>Des op\u00e9rateurs, dit-il, avaient des camions stationn\u00e9s pendant des semaines, occasionnant \u00ab\u00a0une perte de temps, d\u2019argent et de marchandises. Mais, avec cette d\u00e9cision royale, ces personnes qui \u00e9taient dans un \u00e9tat psychologique tr\u00e8s difficile ont retrouv\u00e9 aujourd\u2019hui la joie\u00a0\u00bb gr\u00e2ce \u00e0 l\u2019action du Roi Mohammed VI.<\/p>\n<p>Reprise du trafic inter-\u00c9tat\u00a0<\/p>\n<p>\u00ab\u00a0Le trafic a repris et les marchandises ont commenc\u00e9 \u00e0 circuler\u00a0\u00bb, rapporte M. El Hamzaoui, qui assure avec fiert\u00e9 que cela se fait \u00ab\u00a0sous la surveillance des forces arm\u00e9es royales marocaines que nous soutenons et encourageons\u00a0\u00bb. Et tout le peuple sera \u00ab\u00a0derri\u00e8re eux (soldats marocains) \u00e0 100%\u00a0\u00bb.<\/p>\n<p>Le blocus de El Guergarate a affect\u00e9 les \u00e9changes interafricains. Selon M. El Hamzaoui Saad, des l\u00e9gumes et des fruits import\u00e9s ont pourri parce que le trafic routier \u00e9tait obstru\u00e9. Toute chose qui d\u00e9note d\u2019une imbrication des relations commerciales et un important r\u00e9seau d\u2019affaires sur le continent.<\/p>\n<p>Il a ensuite laiss\u00e9 entendre que \u00ab\u00a0des voyous, des bandits, des sans-lois ont pris le soin de venir narguer les repr\u00e9sentants des Nations Unies dans cette zone et emp\u00eacher toute libre circulation des biens et des personnes, chose qui est intol\u00e9rable pour nous\u00a0\u00bb.<\/p>\n<p>\u00ab\u00a0Gr\u00e2ce aux instructions de Sa Majest\u00e9, l\u2019ordre et la s\u00e9curit\u00e9 ont \u00e9t\u00e9 r\u00e9tablis sur place et le trafic routier inter-Etat a repris normalement sans aucun probl\u00e8me et aujourd\u2019hui, \u00e7a fait la joie de tous les transporteurs\u00a0\u00bb, ne cesse-t-il de r\u00e9p\u00e9ter tout en saluant l\u2019initiative du Roi Mohammed VI.<\/p>\n<p>El Guergarate est une localit\u00e9 frontali\u00e8re situ\u00e9e \u00e0 l\u2019extr\u00eame Sud-ouest du Sahara marocain et sous contr\u00f4le marocain. Cette route commerciale relie le Maroc \u00e0 l\u2019Afrique Subsaharienne.<\/p>\n<p>Coop\u00e9ration Sud-Sud<\/p>\n<p>\u00ab\u00a0Il n\u2019y a pas que les Marocains qui b\u00e9n\u00e9ficient de la s\u00e9curit\u00e9 de cet endroit. Nous avons aussi des transporteurs ivoiriens, des Mauritaniens, des S\u00e9n\u00e9galais, des Nig\u00e9rians, des Burkinab\u00e8\u00a0\u00bb, qui aujourd\u2019hui peuvent \u00ab\u00a0circuler tranquillement et avec beaucoup d\u2019assurance\u00a0\u00bb, a-t-il lanc\u00e9.<\/p>\n<p>Cette route internationale qui se trouve entre le Maroc et la Mauritanie est \u00ab\u00a0\u00e0 pr\u00e9sent compl\u00e8tement s\u00e9curis\u00e9e par la mise en place d\u2019un cordon de s\u00e9curit\u00e9 des forces arm\u00e9es royales marocaines sous instruction du Roi Mohammed VI\u00a0\u00bb, a-t-il rappel\u00e9.<\/p>\n<p>\u00ab\u00a0L\u2019op\u00e9ration de s\u00e9curisation s\u2019est d\u00e9roul\u00e9e de mani\u00e8re tr\u00e8s pacifique et a donn\u00e9 \u00e9norm\u00e9ment de joie \u00e0 tout le peuple marocain qui est solidaire et loyal derri\u00e8re son roi\u00a0\u00bb, a fait savoir M. El Hamzaoui.<\/p>\n<p>\u00ab\u00a0On est tr\u00e8s satisfait de l\u2019ouverture et du r\u00e9tablissement l\u2019ordre et de la s\u00e9curit\u00e9 dans cette zone\u00a0\u00bb, a exprim\u00e9 M. El Hamzaoui Saad qui \u00ab\u00a0au nom\u00a0\u00bb de la Chambre de commerce et d\u2019industrie marocaine en C\u00f4te d\u2019Ivoire a apport\u00e9 tout son soutien ind\u00e9fectible \u00e0 l\u2019action du Roi Mohammed VI.<\/p>\n<p>\u00ab\u00a0Nous remercions Sa Majest\u00e9 le Roi, nous lui r\u00e9it\u00e9rons notre loyaut\u00e9, notre all\u00e9geance et notre mobilisation permanente pour la d\u00e9fense des causes sacr\u00e9es de la patrie et de ses valeurs supr\u00eames\u00a0\u00bb, a-t-il dit, avant de conclure \u00ab\u00a0notre Sahara demeurera dans son Maroc pour l\u2019\u00e9ternit\u00e9\u00a0\u00bb.<\/p>\n<p>Le Roi Mohammed VI a eu un entretien t\u00e9l\u00e9phonique le 16 novembre avec le secr\u00e9taire g\u00e9n\u00e9ral des Nations Unies, Antonio Guterres. Un \u00e9change qui a port\u00e9 sur la situation dans la zone d\u2019El Guergarate, au Sahara marocain.<\/p>\n<p>Auteur: APA News<br \/>\n<a href=\"https:\/\/www.journalducameroun.com\/la-chambre-de-commerce-marocaine-en-cote-divoire-en-joie-apres-la-liberation-del-guergarate\/\">Cliquez ici pour lire l&rsquo;article depuis sa source.<\/a><\/p>\n","protected":false},"excerpt":{"rendered":"<p>La Chambre de commerce et d\u2019industrie marocaine en C\u00f4te d\u2019Ivoire, au travers de son pr\u00e9sident El Hamzaoui Saad, a exprim\u00e9 la \u00ab\u00a0joie\u00a0\u00bb de l\u2019organisation apr\u00e8s la lib\u00e9ration et la s\u00e9curisation de El Guergarate, zone-tampon entre le Polisario et le Maroc, au Sarah marocain, dans un entretien \u00e0 APA.L\u2019occupation du point de passage de Guergarate par [&hellip;]<\/p>\n","protected":false},"author":1965,"featured_media":0,"comment_status":"closed","ping_status":"closed","sticky":false,"template":"","format":"standard","meta":{"fifu_image_url":"","fifu_image_alt":"","footnotes":""},"categories":[73,82],"tags":[],"class_list":["post-105291","post","type-post","status-publish","format-standard","hentry","category-actualite","category-cameroun"],"_links":{"self":[{"href":"https:\/\/linitiative.ca\/International\/wp-json\/wp\/v2\/posts\/105291","targetHints":{"allow":["GET"]}}],"collection":[{"href":"https:\/\/linitiative.ca\/International\/wp-json\/wp\/v2\/posts"}],"about":[{"href":"https:\/\/linitiative.ca\/International\/wp-json\/wp\/v2\/types\/post"}],"author":[{"embeddable":true,"href":"https:\/\/linitiative.ca\/International\/wp-json\/wp\/v2\/users\/1965"}],"replies":[{"embeddable":true,"href":"https:\/\/linitiative.ca\/International\/wp-json\/wp\/v2\/comments?post=105291"}],"version-history":[{"count":0,"href":"https:\/\/linitiative.ca\/International\/wp-json\/wp\/v2\/posts\/105291\/revisions"}],"wp:attachment":[{"href":"https:\/\/linitiative.ca\/International\/wp-json\/wp\/v2\/media?parent=105291"}],"wp:term":[{"taxonomy":"category","embeddable":true,"href":"https:\/\/linitiative.ca\/International\/wp-json\/wp\/v2\/categories?post=105291"},{"taxonomy":"post_tag","embeddable":true,"href":"https:\/\/linitiative.ca\/International\/wp-json\/wp\/v2\/tags?post=105291"}],"curies":[{"name":"wp","href":"https:\/\/api.w.org\/{rel}","templated":true}]}}