{"id":105292,"date":"2020-11-20T14:18:03","date_gmt":"2020-11-20T19:18:03","guid":{"rendered":"https:\/\/linitiative.ca\/International\/le-taux-de-couverture-de-lelectricite-en-cote-divoire-estime-a-775-a-fin-octobre-2020\/"},"modified":"2020-11-20T14:18:03","modified_gmt":"2020-11-20T19:18:03","slug":"le-taux-de-couverture-de-lelectricite-en-cote-divoire-estime-a-775-a-fin-octobre-2020","status":"publish","type":"post","link":"https:\/\/linitiative.ca\/International\/le-taux-de-couverture-de-lelectricite-en-cote-divoire-estime-a-775-a-fin-octobre-2020\/","title":{"rendered":"Le taux de couverture de l\u2019\u00e9lectricit\u00e9 en C\u00f4te d\u2019Ivoire estim\u00e9 \u00e0 77,5% \u00e0 fin octobre 2020"},"content":{"rendered":"<div readability=\"32\">\n<p>Publi\u00e9 le 20.11.2020 \u00e0 20h18 par APA News<\/p>\n<\/div>\n<div readability=\"88\">\n<p>Le taux de couverture de l\u2019\u00e9lectricit\u00e9 en C\u00f4te d\u2019Ivoire, \u00e9tabli \u00e0 33% en 2011, a atteint 77,5% \u00e0 fin octobre 2020, a indiqu\u00e9 vendredi \u00e0 la presse le ministre ivoirien du P\u00e9trole, des \u00e9nergies et des \u00e9nergies renouvelables, Abdourahmane Ciss\u00e9, apr\u00e8s un expos\u00e9 \u00e0 l\u2019h\u00e9micycle sur l\u2019exercice budg\u00e9taire de son d\u00e9partement et les perspectives.M. Abdourahmane Ciss\u00e9 a fait savoir que fin 2018, le gouvernement ivoirien, sous l\u2019impulsion du chef de l\u2019Etat Alassane Ouattara, avait pris trois principales mesures dans le cadre des actions sociales. Des mesures sociales dont il a fait le point.<\/p>\n<p>\u00ab\u00a0Nous sommes pass\u00e9s d\u2019un taux de couverture d\u2019\u00e9lectricit\u00e9 qui \u00e9tait de 33% en 2011 \u00e0 une couverture de 77,5% \u00e0 fin octobre 2020\u00a0\u00bb, a pr\u00e9cis\u00e9 M. Ciss\u00e9, rappelant que le Programme national d\u2019\u00e9lectrification rurale, une mesure sociale du gouvernement, vise l\u2019\u00e9lectrification des localit\u00e9s de plus de 500 habitants avant fin 2020.<\/p>\n<p>Au regard de ce taux de couverture \u00ab\u00a0nous sommes en ligne avec ce qui avait \u00e9t\u00e9 indiqu\u00e9 par le pr\u00e9sident de la R\u00e9publique\u00a0\u00bb, a-t-il ajout\u00e9, assurant que \u00ab\u00a0toutes les localit\u00e9s de plus de 500 habitants seront \u00e9lectrifi\u00e9es avant la fin de l\u2019ann\u00e9e 2020\u00a0\u00bb.<\/p>\n<p>\u00c9voquant la seconde mesure sociale, il a relev\u00e9 que depuis janvier 2019, quelque 1,3 million de m\u00e9nages en C\u00f4te d\u2019Ivoire ont b\u00e9n\u00e9fici\u00e9 de 20% de baisse du tarif social domestique de 5 amp\u00e8res.\u00a0<\/p>\n<p>Concernant la troisi\u00e8me action sociale, il a fait \u00e9tat du Programme \u00e9lectricit\u00e9 pour tous. M. Abdourahmane Ciss\u00e9 a not\u00e9 qu\u2019 il permet aux populations de payer 1000 Fcfa et le reliquat sur une p\u00e9riode allant jusqu\u2019\u00e0 dix ans. L\u2019objectif \u00e9tant de faire 400.000 branchements entre 2019 et 2020.<\/p>\n<p>\u00ab\u00a0A fin octobre 2020, nous avions d\u00e9j\u00e0 ex\u00e9cut\u00e9s 416.000 branchements, au-del\u00e0 de l\u2019objectif et le budget de 268 milliards Fcfa qui sera mis \u00e0 disposition du minist\u00e8re nous permettra d\u2019aller beaucoup plus loin et de poursuivre les ambitions du gouvernement\u00a0\u00bb, a-t-il ajout\u00e9.\u00a0<\/p>\n<p>Ces diff\u00e9rents programmes visent par ailleurs \u00e0 assurer une \u00e9nergie suffisante, de qualit\u00e9 et \u00e0 moindre co\u00fbt afin que d\u2019ici \u00e0 fin 2025, toutes les localit\u00e9s en C\u00f4te d\u2019Ivoire soient \u00e9lectrifi\u00e9es, a soulign\u00e9 M. Abdourahmane Ciss\u00e9. \u00a0<\/p>\n<\/div>\n<p>Auteur: APA News<br \/>\n<a href=\"https:\/\/www.journalducameroun.com\/le-taux-de-couverture-de-lelectricite-en-cote-divoire-estime-a-775-a-fin-octobre-2020\/\">Cliquez ici pour lire l&rsquo;article depuis sa source.<\/a><\/p>\n","protected":false},"excerpt":{"rendered":"<p>Publi\u00e9 le 20.11.2020 \u00e0 20h18 par APA News Le taux de couverture de l\u2019\u00e9lectricit\u00e9 en C\u00f4te d\u2019Ivoire, \u00e9tabli \u00e0 33% en 2011, a atteint 77,5% \u00e0 fin octobre 2020, a indiqu\u00e9 vendredi \u00e0 la presse le ministre ivoirien du P\u00e9trole, des \u00e9nergies et des \u00e9nergies renouvelables, Abdourahmane Ciss\u00e9, apr\u00e8s un expos\u00e9 \u00e0 l\u2019h\u00e9micycle sur l\u2019exercice [&hellip;]<\/p>\n","protected":false},"author":1965,"featured_media":0,"comment_status":"closed","ping_status":"closed","sticky":false,"template":"","format":"standard","meta":{"fifu_image_url":"","fifu_image_alt":"","footnotes":""},"categories":[73,82],"tags":[],"class_list":["post-105292","post","type-post","status-publish","format-standard","hentry","category-actualite","category-cameroun"],"_links":{"self":[{"href":"https:\/\/linitiative.ca\/International\/wp-json\/wp\/v2\/posts\/105292","targetHints":{"allow":["GET"]}}],"collection":[{"href":"https:\/\/linitiative.ca\/International\/wp-json\/wp\/v2\/posts"}],"about":[{"href":"https:\/\/linitiative.ca\/International\/wp-json\/wp\/v2\/types\/post"}],"author":[{"embeddable":true,"href":"https:\/\/linitiative.ca\/International\/wp-json\/wp\/v2\/users\/1965"}],"replies":[{"embeddable":true,"href":"https:\/\/linitiative.ca\/International\/wp-json\/wp\/v2\/comments?post=105292"}],"version-history":[{"count":0,"href":"https:\/\/linitiative.ca\/International\/wp-json\/wp\/v2\/posts\/105292\/revisions"}],"wp:attachment":[{"href":"https:\/\/linitiative.ca\/International\/wp-json\/wp\/v2\/media?parent=105292"}],"wp:term":[{"taxonomy":"category","embeddable":true,"href":"https:\/\/linitiative.ca\/International\/wp-json\/wp\/v2\/categories?post=105292"},{"taxonomy":"post_tag","embeddable":true,"href":"https:\/\/linitiative.ca\/International\/wp-json\/wp\/v2\/tags?post=105292"}],"curies":[{"name":"wp","href":"https:\/\/api.w.org\/{rel}","templated":true}]}}