{"id":105293,"date":"2020-11-20T14:18:05","date_gmt":"2020-11-20T19:18:05","guid":{"rendered":"https:\/\/linitiative.ca\/International\/mamadou-toure-sengage-a-parrainer-des-activites-sportives-pour-des-eleves-dun-college-a-abidjan\/"},"modified":"2020-11-20T14:18:05","modified_gmt":"2020-11-20T19:18:05","slug":"mamadou-toure-sengage-a-parrainer-des-activites-sportives-pour-des-eleves-dun-college-a-abidjan","status":"publish","type":"post","link":"https:\/\/linitiative.ca\/International\/mamadou-toure-sengage-a-parrainer-des-activites-sportives-pour-des-eleves-dun-college-a-abidjan\/","title":{"rendered":"Mamadou Tour\u00e9 s\u2019engage \u00e0 \u00ab\u00a0parrainer\u00a0\u00bb des activit\u00e9s sportives pour des \u00e9l\u00e8ves d\u2019un coll\u00e8ge \u00e0 Abidjan"},"content":{"rendered":"<div readability=\"32\">\n<p>Publi\u00e9 le 20.11.2020 \u00e0 20h18 par APA News<\/p>\n<\/div>\n<div readability=\"110\">\n<p>Le ministre ivoirien de la Promotion de la Jeunesse et de l\u2019emploi des jeunes, Mamadou Tour\u00e9, s\u2019est engag\u00e9 vendredi \u00e0 \u00ab\u00a0parrainer\u00a0\u00bb des activit\u00e9s sportives, en dehors des heures de cours, au profit des \u00e9l\u00e8ves du Coll\u00e8ge moderne de la Cit\u00e9 Port, \u00e0 Abidjan, lors de la Journ\u00e9e mondiale de l\u2019enfance.\u00a0\u00bbJe m\u2019engage \u00e0 parrainer tous les enfants dans l\u2019\u00e9tablissement, mais cela doit se faire en liaison avec les parents\u00a0\u00bb, a d\u00e9clar\u00e9 le ministre ivoirien de la Promotion de la Jeunesse et de l\u2019emploi des jeunes, souhaitant qu\u2019il soit trouv\u00e9e une \u00ab\u00a0formule\u00a0\u00bb en termes d\u2019op\u00e9rationnalit\u00e9.\u00a0<\/p>\n<p>M. Mamadou Tour\u00e9 a demand\u00e9 aux responsables du coll\u00e8ge moderne de la Cit\u00e9 Port de les profiler afin de voir ce que chacun de ces \u00e9l\u00e8ves peut faire, avant d\u2019ajouter: \u00ab\u00a0celui qui veut faire le karat\u00e9, on va l\u2019inscrire au karat\u00e9\u00a0\u00bb.\u00a0<\/p>\n<p>Parlant de son enfance, il a fait savoir qu\u2019il pratiquait les disciplines telles le karat\u00e9, la natation et jouait au basket avec ses condisciples en dehors des heures de cours. Et ce, parce qu\u2019il fallait s\u2019occuper sainement, ce qui faisait que lui et ses amis n\u2019\u00e9taient pas oisifs.\u00a0<\/p>\n<p>\u00ab\u00a0On avait toujours une occupation en dehors des heures de cours\u00a0\u00bb, a-t-il rench\u00e9ri, tout en exhortant les \u00e9l\u00e8ves de ce coll\u00e8ge \u00e0 \u00ab\u00a0bien travailler \u00e0 l\u2019\u00e9cole\u00a0\u00bb, car ils sont la rel\u00e8ve de demain. Le th\u00e8me de la Journ\u00e9e, au plan national, \u00e9tait : \u00ab\u00a0Comment rendre la C\u00f4te d\u2019Ivoire meilleure\u00a0\u00bb.<\/p>\n<p>Il a ensuite invit\u00e9 les \u00e9l\u00e8ves, notamment les jeunes filles \u00e0 \u00e9viter de prendre une grosesse, ce qui pourrait g\u00e2cher leurs \u00e9tudes. L\u2019ann\u00e9e pr\u00e9c\u00e9dente, une adolescente dont l\u2019\u00e2ge varie entre 15 et 16 ans, avait pris une grosesse dans l\u2019\u00e9tablissement.<\/p>\n<p>Le ministre de la Promotion de la Jeunesse et de l\u2019emploi des jeunes a donn\u00e9 la parole aux enfants, qui se sont largement exprim\u00e9s sur leurs attentes \u00e0 l\u2019endroit de leurs a\u00een\u00e9es, des leaders d\u2019opinion, des dirigeants du pays, de leurs enseignants et de la soci\u00e9t\u00e9.<\/p>\n<p>Les enfants ont, entre autres, appel\u00e9 \u00e0 la paix, sans laquelle il ne peut avoir de d\u00e9veloppement, \u00e0 la coh\u00e9sion entre les populations face \u00e0 un pays qui conna\u00eet une fracture sociale, \u00e0 l\u2019int\u00e9grit\u00e9 des enseignants lors des examens scolaires, \u00e0 plus d\u2019infrastructures socio-\u00e9conomiques, \u00e0 la lutte contre la corruption et au respect des lois et des r\u00e8glements.\u00a0<\/p>\n<p>M. Mamadou Tour\u00e9 a promis de faire entendre ces pr\u00e9occupations des enfants aux d\u00e9cideurs et aux hommes politiques. Il s\u2019est \u00e9galement engag\u00e9 \u00e0 accompagner de fa\u00e7on sp\u00e9cifique les \u00e9l\u00e8ves socialement vuln\u00e9rables.<\/p>\n<p>A l\u2019occasion de cette journ\u00e9e de l\u2019enfance, il a offert \u00e0 tous les \u00e9l\u00e8ves du coll\u00e8ge moderne de la Cit\u00e9 du port, la carte de bus pour les deux prochains mois. Mais, les meilleurs, devraient b\u00e9n\u00e9ficier de cet avantage durant toute l\u2019ann\u00e9e selon leurs r\u00e9sultats scolaires. L\u2019\u00e9tablissement compte 900 \u00e9l\u00e8ves, de la 6e \u00e0 la troisi\u00e8me.<\/p>\n<\/div>\n<p>Auteur: APA News<br \/>\n<a href=\"https:\/\/www.journalducameroun.com\/mamadou-toure-sengage-a-parrainer-des-activites-sportives-pour-des-eleves-dun-college-a-abidjan\/\">Cliquez ici pour lire l&rsquo;article depuis sa source.<\/a><\/p>\n","protected":false},"excerpt":{"rendered":"<p>Publi\u00e9 le 20.11.2020 \u00e0 20h18 par APA News Le ministre ivoirien de la Promotion de la Jeunesse et de l\u2019emploi des jeunes, Mamadou Tour\u00e9, s\u2019est engag\u00e9 vendredi \u00e0 \u00ab\u00a0parrainer\u00a0\u00bb des activit\u00e9s sportives, en dehors des heures de cours, au profit des \u00e9l\u00e8ves du Coll\u00e8ge moderne de la Cit\u00e9 Port, \u00e0 Abidjan, lors de la Journ\u00e9e [&hellip;]<\/p>\n","protected":false},"author":1965,"featured_media":0,"comment_status":"closed","ping_status":"closed","sticky":false,"template":"","format":"standard","meta":{"fifu_image_url":"","fifu_image_alt":"","footnotes":""},"categories":[73,82],"tags":[],"class_list":["post-105293","post","type-post","status-publish","format-standard","hentry","category-actualite","category-cameroun"],"_links":{"self":[{"href":"https:\/\/linitiative.ca\/International\/wp-json\/wp\/v2\/posts\/105293","targetHints":{"allow":["GET"]}}],"collection":[{"href":"https:\/\/linitiative.ca\/International\/wp-json\/wp\/v2\/posts"}],"about":[{"href":"https:\/\/linitiative.ca\/International\/wp-json\/wp\/v2\/types\/post"}],"author":[{"embeddable":true,"href":"https:\/\/linitiative.ca\/International\/wp-json\/wp\/v2\/users\/1965"}],"replies":[{"embeddable":true,"href":"https:\/\/linitiative.ca\/International\/wp-json\/wp\/v2\/comments?post=105293"}],"version-history":[{"count":0,"href":"https:\/\/linitiative.ca\/International\/wp-json\/wp\/v2\/posts\/105293\/revisions"}],"wp:attachment":[{"href":"https:\/\/linitiative.ca\/International\/wp-json\/wp\/v2\/media?parent=105293"}],"wp:term":[{"taxonomy":"category","embeddable":true,"href":"https:\/\/linitiative.ca\/International\/wp-json\/wp\/v2\/categories?post=105293"},{"taxonomy":"post_tag","embeddable":true,"href":"https:\/\/linitiative.ca\/International\/wp-json\/wp\/v2\/tags?post=105293"}],"curies":[{"name":"wp","href":"https:\/\/api.w.org\/{rel}","templated":true}]}}