{"id":105294,"date":"2020-11-20T16:18:36","date_gmt":"2020-11-20T21:18:36","guid":{"rendered":"https:\/\/linitiative.ca\/International\/le-roi-mohammed-vi-dispose-a-effectuer-une-visite-officielle-en-mauritanie\/"},"modified":"2020-11-20T16:18:36","modified_gmt":"2020-11-20T21:18:36","slug":"le-roi-mohammed-vi-dispose-a-effectuer-une-visite-officielle-en-mauritanie","status":"publish","type":"post","link":"https:\/\/linitiative.ca\/International\/le-roi-mohammed-vi-dispose-a-effectuer-une-visite-officielle-en-mauritanie\/","title":{"rendered":"Le Roi Mohammed VI dispos\u00e9 \u00e0 effectuer une visite officielle en Mauritanie"},"content":{"rendered":"<div readability=\"32\">\n<p>Publi\u00e9 le 20.11.2020 \u00e0 22h18 par APA News<\/p>\n<\/div>\n<div readability=\"51\">\n<p>Le Roi Mohammed VI a fait part de sa disposition \u00e0 effectuer une visite officielle en Mauritanie et lanc\u00e9 une invitation au chef de l\u2019Etat mauritanien, Mohamed Ould Cheikh El Ghazouani de visiter le Maroc.Lors d\u2019un appel t\u00e9l\u00e9phonique vendredi, les deux chefs d\u2019Etat ont exprim\u00e9 leur \u00ab grande satisfaction du d\u00e9veloppement rapide que conna\u00eet la coop\u00e9ration bilat\u00e9rale, ainsi que leur grande volont\u00e9 de la consolider et la hisser \u00e0 un niveau \u00e0 m\u00eame de permettre l\u2019approfondissement de cette coop\u00e9ration entre les deux pays voisins, l\u2019\u00e9largissement de ses perspectives et la diversification de ses domaines \u00bb, indique un communiqu\u00e9 du Cabinet royal.<\/p>\n<p>Cet appel t\u00e9l\u00e9phonique a \u00e9t\u00e9 aussi une occasion lors de laquelle les deux chefs d\u2019Etat ont abord\u00e9 les derniers d\u00e9veloppements r\u00e9gionaux.<\/p>\n<p>A cette occasion, le Souverain marocain a \u00ab fait part de sa disposition \u00e0 effectuer une visite officielle a la r\u00e9publique islamique de Mauritanie, adressant en m\u00eame temps une invitation au pr\u00e9sident \u00e0 visiter son deuxi\u00e8me pays, le Royaume du Maroc \u00bb, souligne le communiqu\u00e9.<\/p>\n<\/div>\n<p>Auteur: APA News<br \/>\n<a href=\"https:\/\/www.journalducameroun.com\/le-roi-mohammed-vi-dispose-a-effectuer-une-visite-officielle-en-mauritanie\/\">Cliquez ici pour lire l&rsquo;article depuis sa source.<\/a><\/p>\n","protected":false},"excerpt":{"rendered":"<p>Publi\u00e9 le 20.11.2020 \u00e0 22h18 par APA News Le Roi Mohammed VI a fait part de sa disposition \u00e0 effectuer une visite officielle en Mauritanie et lanc\u00e9 une invitation au chef de l\u2019Etat mauritanien, Mohamed Ould Cheikh El Ghazouani de visiter le Maroc.Lors d\u2019un appel t\u00e9l\u00e9phonique vendredi, les deux chefs d\u2019Etat ont exprim\u00e9 leur \u00ab [&hellip;]<\/p>\n","protected":false},"author":1965,"featured_media":0,"comment_status":"closed","ping_status":"closed","sticky":false,"template":"","format":"standard","meta":{"fifu_image_url":"","fifu_image_alt":"","footnotes":""},"categories":[73,82],"tags":[],"class_list":["post-105294","post","type-post","status-publish","format-standard","hentry","category-actualite","category-cameroun"],"_links":{"self":[{"href":"https:\/\/linitiative.ca\/International\/wp-json\/wp\/v2\/posts\/105294","targetHints":{"allow":["GET"]}}],"collection":[{"href":"https:\/\/linitiative.ca\/International\/wp-json\/wp\/v2\/posts"}],"about":[{"href":"https:\/\/linitiative.ca\/International\/wp-json\/wp\/v2\/types\/post"}],"author":[{"embeddable":true,"href":"https:\/\/linitiative.ca\/International\/wp-json\/wp\/v2\/users\/1965"}],"replies":[{"embeddable":true,"href":"https:\/\/linitiative.ca\/International\/wp-json\/wp\/v2\/comments?post=105294"}],"version-history":[{"count":0,"href":"https:\/\/linitiative.ca\/International\/wp-json\/wp\/v2\/posts\/105294\/revisions"}],"wp:attachment":[{"href":"https:\/\/linitiative.ca\/International\/wp-json\/wp\/v2\/media?parent=105294"}],"wp:term":[{"taxonomy":"category","embeddable":true,"href":"https:\/\/linitiative.ca\/International\/wp-json\/wp\/v2\/categories?post=105294"},{"taxonomy":"post_tag","embeddable":true,"href":"https:\/\/linitiative.ca\/International\/wp-json\/wp\/v2\/tags?post=105294"}],"curies":[{"name":"wp","href":"https:\/\/api.w.org\/{rel}","templated":true}]}}