{"id":105295,"date":"2020-11-20T16:18:38","date_gmt":"2020-11-20T21:18:38","guid":{"rendered":"https:\/\/linitiative.ca\/International\/rabat-et-nouakchott-expriment-leur-grande-satisfaction-du-developpement-rapide-de-leur-cooperation-bilaterale\/"},"modified":"2020-11-20T16:18:38","modified_gmt":"2020-11-20T21:18:38","slug":"rabat-et-nouakchott-expriment-leur-grande-satisfaction-du-developpement-rapide-de-leur-cooperation-bilaterale","status":"publish","type":"post","link":"https:\/\/linitiative.ca\/International\/rabat-et-nouakchott-expriment-leur-grande-satisfaction-du-developpement-rapide-de-leur-cooperation-bilaterale\/","title":{"rendered":"Rabat et Nouakchott expriment leur \u00ab grande satisfaction \u00bb du d\u00e9veloppement rapide de leur coop\u00e9ration bilat\u00e9rale"},"content":{"rendered":"<div readability=\"32\">\n<p>Publi\u00e9 le 20.11.2020 \u00e0 22h18 par APA News<\/p>\n<\/div>\n<div readability=\"53\">\n<p>Le Roi Mohammed VI a eu, ce vendredi, un appel t\u00e9l\u00e9phonique avec le pr\u00e9sident mauritanien, Mohamed Ould Cheikh El Ghazouani, annonce un communiqu\u00e9 du Cabinet royal.Lors de cet appel, les deux chefs d\u2019Etat ont exprim\u00e9 leur \u00ab grande satisfaction du d\u00e9veloppement rapide que conna\u00eet la coop\u00e9ration bilat\u00e9rale, ainsi que leur grande volont\u00e9 de la consolider et la hisser \u00e0 un niveau \u00e0 m\u00eame de permettre l\u2019approfondissement de cette coop\u00e9ration entre les deux pays voisins, l\u2019\u00e9largissement de ses perspectives et la diversification de ses domaines \u00bb, indique la m\u00eame source.<\/p>\n<p>Cet appel t\u00e9l\u00e9phonique a \u00e9t\u00e9 aussi une occasion lors de laquelle les deux chefs d\u2019Etat ont abord\u00e9 les derniers d\u00e9veloppements r\u00e9gionaux.<\/p>\n<p>A cette occasion, le Souverain marocain a fait part de sa disposition \u00e0 effectuer une visite officielle \u00e0 la R\u00e9publique Islamique de Mauritanie, adressant en m\u00eame temps l\u2019invitation au pr\u00e9sident mauritanien pour visiter le Maroc, conclut le communiqu\u00e9.<\/p>\n<\/div>\n<p>Auteur: APA News<br \/>\n<a href=\"https:\/\/www.journalducameroun.com\/rabat-et-nouakchott-expriment-leur-grande-satisfaction-du-developpement-rapide-de-leur-cooperation-bilaterale\/\">Cliquez ici pour lire l&rsquo;article depuis sa source.<\/a><\/p>\n","protected":false},"excerpt":{"rendered":"<p>Publi\u00e9 le 20.11.2020 \u00e0 22h18 par APA News Le Roi Mohammed VI a eu, ce vendredi, un appel t\u00e9l\u00e9phonique avec le pr\u00e9sident mauritanien, Mohamed Ould Cheikh El Ghazouani, annonce un communiqu\u00e9 du Cabinet royal.Lors de cet appel, les deux chefs d\u2019Etat ont exprim\u00e9 leur \u00ab grande satisfaction du d\u00e9veloppement rapide que conna\u00eet la coop\u00e9ration bilat\u00e9rale, [&hellip;]<\/p>\n","protected":false},"author":1965,"featured_media":0,"comment_status":"closed","ping_status":"closed","sticky":false,"template":"","format":"standard","meta":{"fifu_image_url":"","fifu_image_alt":"","footnotes":""},"categories":[73,82],"tags":[],"class_list":["post-105295","post","type-post","status-publish","format-standard","hentry","category-actualite","category-cameroun"],"_links":{"self":[{"href":"https:\/\/linitiative.ca\/International\/wp-json\/wp\/v2\/posts\/105295","targetHints":{"allow":["GET"]}}],"collection":[{"href":"https:\/\/linitiative.ca\/International\/wp-json\/wp\/v2\/posts"}],"about":[{"href":"https:\/\/linitiative.ca\/International\/wp-json\/wp\/v2\/types\/post"}],"author":[{"embeddable":true,"href":"https:\/\/linitiative.ca\/International\/wp-json\/wp\/v2\/users\/1965"}],"replies":[{"embeddable":true,"href":"https:\/\/linitiative.ca\/International\/wp-json\/wp\/v2\/comments?post=105295"}],"version-history":[{"count":0,"href":"https:\/\/linitiative.ca\/International\/wp-json\/wp\/v2\/posts\/105295\/revisions"}],"wp:attachment":[{"href":"https:\/\/linitiative.ca\/International\/wp-json\/wp\/v2\/media?parent=105295"}],"wp:term":[{"taxonomy":"category","embeddable":true,"href":"https:\/\/linitiative.ca\/International\/wp-json\/wp\/v2\/categories?post=105295"},{"taxonomy":"post_tag","embeddable":true,"href":"https:\/\/linitiative.ca\/International\/wp-json\/wp\/v2\/tags?post=105295"}],"curies":[{"name":"wp","href":"https:\/\/api.w.org\/{rel}","templated":true}]}}