{"id":105303,"date":"2020-11-21T08:49:30","date_gmt":"2020-11-21T13:49:30","guid":{"rendered":"https:\/\/linitiative.ca\/International\/guergarat-la-france-est-aux-cotes-du-maroc\/"},"modified":"2020-11-21T08:49:30","modified_gmt":"2020-11-21T13:49:30","slug":"guergarat-la-france-est-aux-cotes-du-maroc","status":"publish","type":"post","link":"https:\/\/linitiative.ca\/International\/guergarat-la-france-est-aux-cotes-du-maroc\/","title":{"rendered":"Guergarat: \u00abLa France est aux c\u00f4t\u00e9s du Maroc\u00bb"},"content":{"rendered":"<header>\n<\/header>\n<div class=\"entry-content clearfix\" readability=\"58\"><img decoding=\"async\" class=\"post_layout_5_img\" src=\"https:\/\/aujourdhui.ma\/wp-content\/uploads\/2020\/11\/Christian-Cambon-President-de-la-Commission-des-Affaires-etrangeres.jpg\" alt=\"Guergarat: &#xAB;La France est aux c&#xF4;t&#xE9;s du Maroc&#xBB;\"\/><\/p>\n<p><span class=\"c5\"><strong>Selon Christian Cambon, Pr\u00e9sident de la Commission des Affaires \u00e9trang\u00e8res, de la D\u00e9fense et des Forces arm\u00e9es du S\u00e9nat Fran\u00e7ais<\/strong><\/span><\/p>\n<p>Nouveau soutien international pour le Royaume. L\u2019une des figures du S\u00e9nat Fran\u00e7ais a fait une d\u00e9claration sans \u00e9quivoque. La France est aux c\u00f4t\u00e9s du Maroc, son \u00ab\u00a0meilleur alli\u00e9\u00a0\u00bb en Afrique, pour exiger la libre circulation du trafic \u00e0 El Guerguarat,<br \/>a d\u00e9clar\u00e9, vendredi, Christian Cambon, Pr\u00e9sident de la Commission des Affaires \u00e9trang\u00e8res, de la D\u00e9fense et des Forces arm\u00e9es du S\u00e9nat Fran\u00e7ais.<\/p>\n<p>\u00ab\u00a0La France est aux c\u00f4t\u00e9s du Maroc pour exiger la libre circulation du trafic \u00e0 El Guerguarat (fronti\u00e8re Mauritanienne) et maintenir le cessez-le-feu avec le Polisario. Le Maroc, meilleur alli\u00e9 de la France en Afrique\u00a0\u00bb, a \u00e9crit, dans un Tweet, M. Cambon, apr\u00e8s une rencontre avec l\u2019ambassadeur du Maroc en France, Chakib Benmoussa.<\/p>\n<\/div>\n<p>Auteur: ALM<br \/>\n<a href=\"https:\/\/aujourdhui.ma\/actualite\/guergarat-la-france-est-aux-cotes-du-maroc\">Cliquez ici pour lire l&rsquo;article depuis sa source.<\/a><\/p>\n","protected":false},"excerpt":{"rendered":"<p>Selon Christian Cambon, Pr\u00e9sident de la Commission des Affaires \u00e9trang\u00e8res, de la D\u00e9fense et des Forces arm\u00e9es du S\u00e9nat Fran\u00e7ais Nouveau soutien international pour le Royaume. L\u2019une des figures du S\u00e9nat Fran\u00e7ais a fait une d\u00e9claration sans \u00e9quivoque. La France est aux c\u00f4t\u00e9s du Maroc, son \u00ab\u00a0meilleur alli\u00e9\u00a0\u00bb en Afrique, pour exiger la libre circulation [&hellip;]<\/p>\n","protected":false},"author":1759,"featured_media":105304,"comment_status":"closed","ping_status":"closed","sticky":false,"template":"","format":"standard","meta":{"fifu_image_url":"","fifu_image_alt":"","footnotes":""},"categories":[73,54],"tags":[],"class_list":["post-105303","post","type-post","status-publish","format-standard","has-post-thumbnail","hentry","category-actualite","category-maroc"],"_links":{"self":[{"href":"https:\/\/linitiative.ca\/International\/wp-json\/wp\/v2\/posts\/105303","targetHints":{"allow":["GET"]}}],"collection":[{"href":"https:\/\/linitiative.ca\/International\/wp-json\/wp\/v2\/posts"}],"about":[{"href":"https:\/\/linitiative.ca\/International\/wp-json\/wp\/v2\/types\/post"}],"author":[{"embeddable":true,"href":"https:\/\/linitiative.ca\/International\/wp-json\/wp\/v2\/users\/1759"}],"replies":[{"embeddable":true,"href":"https:\/\/linitiative.ca\/International\/wp-json\/wp\/v2\/comments?post=105303"}],"version-history":[{"count":0,"href":"https:\/\/linitiative.ca\/International\/wp-json\/wp\/v2\/posts\/105303\/revisions"}],"wp:featuredmedia":[{"embeddable":true,"href":"https:\/\/linitiative.ca\/International\/wp-json\/"}],"wp:attachment":[{"href":"https:\/\/linitiative.ca\/International\/wp-json\/wp\/v2\/media?parent=105303"}],"wp:term":[{"taxonomy":"category","embeddable":true,"href":"https:\/\/linitiative.ca\/International\/wp-json\/wp\/v2\/categories?post=105303"},{"taxonomy":"post_tag","embeddable":true,"href":"https:\/\/linitiative.ca\/International\/wp-json\/wp\/v2\/tags?post=105303"}],"curies":[{"name":"wp","href":"https:\/\/api.w.org\/{rel}","templated":true}]}}