{"id":105305,"date":"2020-11-21T08:54:09","date_gmt":"2020-11-21T13:54:09","guid":{"rendered":"https:\/\/linitiative.ca\/International\/plf-la-contribution-de-solidarite-ne-concerne-plus-que-124-des-salaries\/"},"modified":"2020-11-21T08:54:09","modified_gmt":"2020-11-21T13:54:09","slug":"plf-la-contribution-de-solidarite-ne-concerne-plus-que-124-des-salaries","status":"publish","type":"post","link":"https:\/\/linitiative.ca\/International\/plf-la-contribution-de-solidarite-ne-concerne-plus-que-124-des-salaries\/","title":{"rendered":"PLF: la contribution de solidarit\u00e9 ne concerne plus que 1,24% des salari\u00e9s"},"content":{"rendered":"<header>\n<\/header>\n<div class=\"entry-content clearfix\" readability=\"62\"><img decoding=\"async\" class=\"post_layout_5_img\" src=\"http:\/\/aujourdhui.ma\/wp-content\/uploads\/2020\/06\/ministere-de-leconomie.jpg\" alt=\"PLF: la contribution de solidarit&#xE9; ne concerne plus que 1,24% des salari&#xE9;s\"\/><\/p>\n<p><span class=\"c5\"><strong>Le gouvernement tente toujours de rassurer sur la contribution de solidarit\u00e9. Cette derni\u00e8re ne sera appliqu\u00e9e qu\u2019aux salaires de plus de 20.000 dirhams par mois, soit 1,24% des salari\u00e9s.<\/strong><\/span> <span id=\"more-361104\"\/><\/p>\n<p>En tout cas c\u2019est ce que r\u00e9v\u00e8le le ministre de l\u2019Economie, des finances et de la R\u00e9forme de l\u2019administration, Mohamed Bencha\u00e2boun.<br \/>\u201cComme convenu avec les groupes de la majorit\u00e9 et de l\u2019opposition \u00e0 la chambre des repr\u00e9sentants, le seuil de contribution de solidarit\u00e9 sera relev\u00e9 de 120.000 \u00e0 240.000 dirhams annuels, soit \u00e0 partir de 20.000 dirhams de salaire mensuel.<\/p>\n<p>A cet effet, la contribution de solidarit\u00e9 sera appliqu\u00e9e pour 1,24% des salari\u00e9s\u201d, a pr\u00e9cis\u00e9 M. Bencha\u00e2boun, dans sa r\u00e9ponse aux interventions des conseillers de la Commission des finances, de la planification et du d\u00e9veloppement \u00e9conomique lors de la discussion g\u00e9n\u00e9rale du projet de loi de Finance (PLF) \u00e0 la Chambre des conseillers.<\/p>\n<p>Et de rappeler que pour les entreprises, la contribution de solidarit\u00e9 a \u00e9t\u00e9 abaiss\u00e9e \u00e0 1 million de dirhams au lieu de 5 millions de dirhams. Le taux appliqu\u00e9 sera graduel, soit entre 1,5 % et 3,5% des b\u00e9n\u00e9fices.<\/p>\n<\/div>\n<p>Auteur: ALM<br \/>\n<a href=\"https:\/\/aujourdhui.ma\/economie\/plf-la-contribution-de-solidarite-ne-concerne-plus-que-124-des-salaries\">Cliquez ici pour lire l&rsquo;article depuis sa source.<\/a><\/p>\n","protected":false},"excerpt":{"rendered":"<p>Le gouvernement tente toujours de rassurer sur la contribution de solidarit\u00e9. Cette derni\u00e8re ne sera appliqu\u00e9e qu\u2019aux salaires de plus de 20.000 dirhams par mois, soit 1,24% des salari\u00e9s. En tout cas c\u2019est ce que r\u00e9v\u00e8le le ministre de l\u2019Economie, des finances et de la R\u00e9forme de l\u2019administration, Mohamed Bencha\u00e2boun.\u201cComme convenu avec les groupes de [&hellip;]<\/p>\n","protected":false},"author":1759,"featured_media":105306,"comment_status":"closed","ping_status":"closed","sticky":false,"template":"","format":"standard","meta":{"fifu_image_url":"","fifu_image_alt":"","footnotes":""},"categories":[73,54],"tags":[],"class_list":["post-105305","post","type-post","status-publish","format-standard","has-post-thumbnail","hentry","category-actualite","category-maroc"],"_links":{"self":[{"href":"https:\/\/linitiative.ca\/International\/wp-json\/wp\/v2\/posts\/105305","targetHints":{"allow":["GET"]}}],"collection":[{"href":"https:\/\/linitiative.ca\/International\/wp-json\/wp\/v2\/posts"}],"about":[{"href":"https:\/\/linitiative.ca\/International\/wp-json\/wp\/v2\/types\/post"}],"author":[{"embeddable":true,"href":"https:\/\/linitiative.ca\/International\/wp-json\/wp\/v2\/users\/1759"}],"replies":[{"embeddable":true,"href":"https:\/\/linitiative.ca\/International\/wp-json\/wp\/v2\/comments?post=105305"}],"version-history":[{"count":0,"href":"https:\/\/linitiative.ca\/International\/wp-json\/wp\/v2\/posts\/105305\/revisions"}],"wp:featuredmedia":[{"embeddable":true,"href":"https:\/\/linitiative.ca\/International\/wp-json\/"}],"wp:attachment":[{"href":"https:\/\/linitiative.ca\/International\/wp-json\/wp\/v2\/media?parent=105305"}],"wp:term":[{"taxonomy":"category","embeddable":true,"href":"https:\/\/linitiative.ca\/International\/wp-json\/wp\/v2\/categories?post=105305"},{"taxonomy":"post_tag","embeddable":true,"href":"https:\/\/linitiative.ca\/International\/wp-json\/wp\/v2\/tags?post=105305"}],"curies":[{"name":"wp","href":"https:\/\/api.w.org\/{rel}","templated":true}]}}