{"id":105321,"date":"2020-11-21T09:17:00","date_gmt":"2020-11-21T14:17:00","guid":{"rendered":"https:\/\/linitiative.ca\/International\/des-averses-orageuses-sur-les-wilayas-de-lest-a-partir-de-samedi-apres-midi\/"},"modified":"2020-11-21T09:17:00","modified_gmt":"2020-11-21T14:17:00","slug":"des-averses-orageuses-sur-les-wilayas-de-lest-a-partir-de-samedi-apres-midi","status":"publish","type":"post","link":"https:\/\/linitiative.ca\/International\/des-averses-orageuses-sur-les-wilayas-de-lest-a-partir-de-samedi-apres-midi\/","title":{"rendered":"Des averses orageuses sur les wilayas de l&rsquo;Est \u00e0 partir de samedi apr\u00e8s-midi"},"content":{"rendered":"<p><span class=\"sp-nh-title\">Sahara occidental: le Mali appelle \u00e0 la reprise des n\u00e9gociations<\/span> &#8211; <span class=\"sp-nh-date\">samedi 21 novembre 2020 19:33<\/span><\/p>\n<p><span class=\"sp-nh-title\">La crise \u00e0 El Guerguarat a pour enjeu l\u2019extension du trafic marocain de stup\u00e9fiants<\/span> &#8211; <span class=\"sp-nh-date\">samedi 21 novembre 2020 19:22<\/span><\/p>\n<p><span class=\"sp-nh-title\">Covid-19: r\u00e9alisation de plus de 17 000 op\u00e9rations de d\u00e9sinfection<\/span> &#8211; <span class=\"sp-nh-date\">samedi 21 novembre 2020 19:16<\/span><\/p>\n<p><span class=\"sp-nh-title\">Covid-19 : Rezig appelle partenaires professionnels \u00e0 renforcer le niveau de vigilance<\/span> &#8211; <span class=\"sp-nh-date\">samedi 21 novembre 2020 19:10<\/span><\/p>\n<p><span class=\"sp-nh-title\">Campagne nationale de reboisement : des milliers d\u2019arbres plant\u00e9s \u00e0 l\u2019Est du pays<\/span> &#8211; <span class=\"sp-nh-date\">samedi 21 novembre 2020 19:02<\/span><\/p>\n<p><span class=\"sp-nh-title\">Plantation de pr\u00e8s de 2,3 millions d\u2019arbres r\u00e9sistants \u00e0 la s\u00e9cheresse \u00e0 l&rsquo;horizon 2023<\/span> &#8211; <span class=\"sp-nh-date\">samedi 21 novembre 2020 18:58<\/span><\/p>\n<p><span class=\"sp-nh-title\">Belhimer: un programme d\u2019action pour la r\u00e9vision des cadres juridiques r\u00e9gissant le secteur<\/span> &#8211; <span class=\"sp-nh-date\">samedi 21 novembre 2020 18:43<\/span><\/p>\n<p><span class=\"sp-nh-title\">Le r\u00e9f\u00e9rendum d&rsquo;autod\u00e9termination demeure crucial au Sahara occidental<\/span> &#8211; <span class=\"sp-nh-date\">samedi 21 novembre 2020 18:39<\/span><\/p>\n<p><span class=\"sp-nh-title\">Des parlementaires allemands appellent le Maroc \u00e0 cesser de nier le droit du peuple sahraoui \u00e0 l&rsquo;autod\u00e9termination<\/span> &#8211; <span class=\"sp-nh-date\">samedi 21 novembre 2020 18:28<\/span><\/p>\n<p><span class=\"sp-nh-title\">Alg\u00e9rie &#8211; UNICEF : un programme de partenariat pour la promotion de l\u2019enfance<\/span> &#8211; <span class=\"sp-nh-date\">samedi 21 novembre 2020 17:45<\/span><\/p>\n<p><span class=\"sp-nh-title\">Zlecaf: appel \u00e0 une industrialisation plus rapide des \u00e9conomies africaines<\/span> &#8211; <span class=\"sp-nh-date\">samedi 21 novembre 2020 17:30<\/span><\/p>\n<p><span class=\"sp-nh-title\">Chanegriha: n\u00e9cessit\u00e9 pour l&rsquo;ANP d&rsquo;\u00e9largir le cercle d\u2019int\u00e9r\u00eat des fabrications militaires<\/span> &#8211; <span class=\"sp-nh-date\">samedi 21 novembre 2020 17:21<\/span><\/p>\n<p><span class=\"sp-nh-title\">Coronavirus: 1019 nouveaux cas, 602 gu\u00e9risons et 19 d\u00e9c\u00e8s<\/span> &#8211; <span class=\"sp-nh-date\">samedi 21 novembre 2020 17:17<\/span><\/p>\n<p><span class=\"sp-nh-title\">Covid-19 : plus de 700 artistes b\u00e9n\u00e9ficient d&rsquo;une aide de 30.000 DA<\/span> &#8211; <span class=\"sp-nh-date\">samedi 21 novembre 2020 17:07<\/span><\/p>\n<p><span class=\"sp-nh-title\">Campagne nationale de reboisement, un message aux ennemis de la nature<\/span> &#8211; <span class=\"sp-nh-date\">samedi 21 novembre 2020 16:48<\/span><\/p>\n<p><span class=\"sp-nh-title\">El Guerguarat: L&rsquo;association mexicaine AMARAS condamne la violation du cessez-le-feu par le Maroc<\/span> &#8211; <span class=\"sp-nh-date\">samedi 21 novembre 2020 16:36<\/span><\/p>\n<p><span class=\"sp-nh-title\">L&rsquo;Alg\u00e9rie \u00e9lue membre du Comit\u00e9 sur l&rsquo;assistance aux victimes des mines antipersonnel<\/span> &#8211; <span class=\"sp-nh-date\">samedi 21 novembre 2020 16:18<\/span><\/p>\n<p><span class=\"sp-nh-title\">Deux Alg\u00e9riens re\u00e7oivent la distinction Chevalier de l\u2019Etoile d&rsquo;Italie<\/span> &#8211; <span class=\"sp-nh-date\">samedi 21 novembre 2020 16:03<\/span><\/p>\n<p><span class=\"sp-nh-title\">Entretien t\u00e9l\u00e9phonique entre Sabri Boukadoum et le SG de l&rsquo;UPM<\/span> &#8211; <span class=\"sp-nh-date\">samedi 21 novembre 2020 15:50<\/span><\/p>\n<p><span class=\"sp-nh-title\">Oum El Bouaghi: plantation de 5000 arbustes \u00e0 Ain Diss<\/span> &#8211; <span class=\"sp-nh-date\">samedi 21 novembre 2020 15:32<\/span><\/p>\n<p>Auteur:<br \/>\n<a href=\"http:\/\/www.aps.dz\/regions\/113114-des-pluies-sous-forme-d-averses-orageuses-sur-les-wilayas-de-l-est-a-partir-de-samedi-apres-midi\">Cliquez ici pour lire l&rsquo;article depuis sa source.<\/a><\/p>\n","protected":false},"excerpt":{"rendered":"<p>Sahara occidental: le Mali appelle \u00e0 la reprise des n\u00e9gociations &#8211; samedi 21 novembre 2020 19:33 La crise \u00e0 El Guerguarat a pour enjeu l\u2019extension du trafic marocain de stup\u00e9fiants &#8211; samedi 21 novembre 2020 19:22 Covid-19: r\u00e9alisation de plus de 17 000 op\u00e9rations de d\u00e9sinfection &#8211; samedi 21 novembre 2020 19:16 Covid-19 : Rezig [&hellip;]<\/p>\n","protected":false},"author":1790,"featured_media":0,"comment_status":"closed","ping_status":"closed","sticky":false,"template":"","format":"standard","meta":{"fifu_image_url":"","fifu_image_alt":"","footnotes":""},"categories":[53,76],"tags":[],"class_list":["post-105321","post","type-post","status-publish","format-standard","hentry","category-algerie","category-regions"],"_links":{"self":[{"href":"https:\/\/linitiative.ca\/International\/wp-json\/wp\/v2\/posts\/105321","targetHints":{"allow":["GET"]}}],"collection":[{"href":"https:\/\/linitiative.ca\/International\/wp-json\/wp\/v2\/posts"}],"about":[{"href":"https:\/\/linitiative.ca\/International\/wp-json\/wp\/v2\/types\/post"}],"author":[{"embeddable":true,"href":"https:\/\/linitiative.ca\/International\/wp-json\/wp\/v2\/users\/1790"}],"replies":[{"embeddable":true,"href":"https:\/\/linitiative.ca\/International\/wp-json\/wp\/v2\/comments?post=105321"}],"version-history":[{"count":0,"href":"https:\/\/linitiative.ca\/International\/wp-json\/wp\/v2\/posts\/105321\/revisions"}],"wp:attachment":[{"href":"https:\/\/linitiative.ca\/International\/wp-json\/wp\/v2\/media?parent=105321"}],"wp:term":[{"taxonomy":"category","embeddable":true,"href":"https:\/\/linitiative.ca\/International\/wp-json\/wp\/v2\/categories?post=105321"},{"taxonomy":"post_tag","embeddable":true,"href":"https:\/\/linitiative.ca\/International\/wp-json\/wp\/v2\/tags?post=105321"}],"curies":[{"name":"wp","href":"https:\/\/api.w.org\/{rel}","templated":true}]}}