{"id":105322,"date":"2020-11-21T09:32:21","date_gmt":"2020-11-21T14:32:21","guid":{"rendered":"https:\/\/linitiative.ca\/International\/oum-el-bouaghi-plantation-de-5000-arbustes-a-ain-diss\/"},"modified":"2020-11-21T09:32:21","modified_gmt":"2020-11-21T14:32:21","slug":"oum-el-bouaghi-plantation-de-5000-arbustes-a-ain-diss","status":"publish","type":"post","link":"https:\/\/linitiative.ca\/International\/oum-el-bouaghi-plantation-de-5000-arbustes-a-ain-diss\/","title":{"rendered":"Oum El Bouaghi: plantation de 5000 arbustes \u00e0 Ain Diss"},"content":{"rendered":"<div>\n<div class=\"K2FeedImage\"><img decoding=\"async\" src=\"http:\/\/www.aps.dz\/media\/k2\/items\/cache\/c3f4c916f689e2d7f0f527ec781b1395_S.jpg\" alt=\"Oum El Bouaghi: plantation de 5000 arbustes \u00e0 Ain Diss\"><\/div>\n<div class=\"K2FeedIntroText\">\n<p dir=\"ltr\" style=\"text-align: justify;\"><strong>OUM EL BOUAGHI &#8211; La campagne de reboisement effectu\u00e9e samedi dans la commune de Ain Diss (wilaya de Oum El Bouaghi), a permis de planter 5.000 arbustes dans le cadre de la campagne nationale de reboisement sous le slogan \u00ab\u00a0Qu\u2019il le plante\u00a0\u00bb.<\/strong><\/p>\n<\/div>\n<div class=\"K2FeedFullText\">\n<p dir=\"ltr\" style=\"text-align: justify;\">La campagne de reboisement qui s\u2019est d\u00e9roul\u00e9e dans la for\u00eat de \u00ab\u00a0Chebket Sellaoua\u00a0\u00bb dans la commune de Ain Diss, a vu la participation des \u00e9l\u00e9ments de l\u2019Arm\u00e9e nationale populaire (ANP), de la gendarmerie nationale, les gardes forestiers, les agents de la protection civile, en plus de citoyens et de membres d\u2019associations locales.<\/p>\n<blockquote>\n<p dir=\"ltr\" style=\"text-align: justify;\"><em><strong>Selon le conservateur des for\u00eats de la wilaya d\u2019Oum El Bouaghi, Athmane Reghioua, cette campagne au cours de laquelle plusieurs esp\u00e8ces d&rsquo;arbres ont \u00e9t\u00e9 plant\u00e9es, telles que le Pin d&rsquo;Alep et l\u2019Orme, vise \u00e0 pr\u00e9server la richesse foresti\u00e8re et \u00e0 revivifier les zones touch\u00e9es par les incendies, le surp\u00e2turage et autres facteurs nuisibles.<\/strong><\/em><\/p>\n<\/blockquote>\n<p dir=\"ltr\" style=\"text-align: justify;\">Le responsable a ajout\u00e9 que les campagnes de reboisement se poursuivront \u00e0 travers la wilaya jusqu&rsquo;\u00e0 la fin du mois de mars prochain, pr\u00e9cisant qu&rsquo;un programme a \u00e9t\u00e9 pr\u00e9par\u00e9 \u00e0 cet effet pour reboiser 470 ha de superficies foresti\u00e8res durant cette p\u00e9riode.<\/p>\n<\/div>\n<\/div>\n<p>Auteur:<br \/>\n<a href=\"http:\/\/www.aps.dz\/regions\/113116-oum-el-bouaghi-plantation-de-5000-arbustes-a-ain-diss\">Cliquez ici pour lire l&rsquo;article depuis sa source.<\/a><\/p>\n","protected":false},"excerpt":{"rendered":"<p>OUM EL BOUAGHI &#8211; La campagne de reboisement effectu\u00e9e samedi dans la commune de Ain Diss (wilaya de Oum El Bouaghi), a permis de planter 5.000 arbustes dans le cadre de la campagne nationale de reboisement sous le slogan \u00ab\u00a0Qu\u2019il le plante\u00a0\u00bb. La campagne de reboisement qui s\u2019est d\u00e9roul\u00e9e dans la for\u00eat de \u00ab\u00a0Chebket Sellaoua\u00a0\u00bb [&hellip;]<\/p>\n","protected":false},"author":1790,"featured_media":105323,"comment_status":"closed","ping_status":"closed","sticky":false,"template":"","format":"standard","meta":{"fifu_image_url":"","fifu_image_alt":"","footnotes":""},"categories":[53,76],"tags":[],"class_list":["post-105322","post","type-post","status-publish","format-standard","has-post-thumbnail","hentry","category-algerie","category-regions"],"_links":{"self":[{"href":"https:\/\/linitiative.ca\/International\/wp-json\/wp\/v2\/posts\/105322","targetHints":{"allow":["GET"]}}],"collection":[{"href":"https:\/\/linitiative.ca\/International\/wp-json\/wp\/v2\/posts"}],"about":[{"href":"https:\/\/linitiative.ca\/International\/wp-json\/wp\/v2\/types\/post"}],"author":[{"embeddable":true,"href":"https:\/\/linitiative.ca\/International\/wp-json\/wp\/v2\/users\/1790"}],"replies":[{"embeddable":true,"href":"https:\/\/linitiative.ca\/International\/wp-json\/wp\/v2\/comments?post=105322"}],"version-history":[{"count":0,"href":"https:\/\/linitiative.ca\/International\/wp-json\/wp\/v2\/posts\/105322\/revisions"}],"wp:featuredmedia":[{"embeddable":true,"href":"https:\/\/linitiative.ca\/International\/wp-json\/"}],"wp:attachment":[{"href":"https:\/\/linitiative.ca\/International\/wp-json\/wp\/v2\/media?parent=105322"}],"wp:term":[{"taxonomy":"category","embeddable":true,"href":"https:\/\/linitiative.ca\/International\/wp-json\/wp\/v2\/categories?post=105322"},{"taxonomy":"post_tag","embeddable":true,"href":"https:\/\/linitiative.ca\/International\/wp-json\/wp\/v2\/tags?post=105322"}],"curies":[{"name":"wp","href":"https:\/\/api.w.org\/{rel}","templated":true}]}}