{"id":105328,"date":"2020-11-21T11:00:00","date_gmt":"2020-11-21T16:00:00","guid":{"rendered":"https:\/\/linitiative.ca\/International\/nous-sommes-la-risee-du-monde-entier\/"},"modified":"2020-11-21T11:00:00","modified_gmt":"2020-11-21T16:00:00","slug":"nous-sommes-la-risee-du-monde-entier","status":"publish","type":"post","link":"https:\/\/linitiative.ca\/International\/nous-sommes-la-risee-du-monde-entier\/","title":{"rendered":"\u00abNous sommes la ris\u00e9e  du monde entier !\u00bb"},"content":{"rendered":"<p class=\"p1 c3\"><span class=\"c2\">La l\u00e9gende du football allemand, Franz Beckenbauer, n&rsquo;a gu\u00e8re appr\u00e9ci\u00e9 le fait d&rsquo;avoir \u00e9t\u00e9 humili\u00e9 mardi dernier par l&rsquo;Espagne (6-0) en Ligue des nations, estimant que \u00ab\u00a0le monde entier se moque maintenant\u00a0\u00bb de la Mannschaft.<\/span><\/p>\n<p class=\"p1 c3\"><span class=\"c2\">Dans sa chronique habituelle publi\u00e9e par Bild, Franz Beckenbauer a fait savoir sa position. \u00ab\u00a0Ce n&rsquo;\u00e9tait pas du tout l&rsquo;\u00e9quipe allemande. C&rsquo;\u00e9tait une panne totale. Maintenant, le monde entier se moque de nous\u00a0\u00bb, a ainsi \u00e9crit la l\u00e9gende de 75 ans, qui r\u00e9clame le retour au premier plan de Thomas M\u00fcller.<\/span><\/p>\n<p class=\"p1 c3\"><span class=\"c2\">\u00ab\u00a0Heureusement, de telles choses se produisent rarement dans une \u00e9quipe nationale, mais il y a un probl\u00e8me de leadership dans l&rsquo;\u00e9quipe de Low. Je n&rsquo;ai pas vu la maturit\u00e9 et quand les choses ne vont pas bien, il faut des leaders\u00a0\u00bb, a-t-il ajout\u00e9.<\/span><\/p>\n<p class=\"p1 c3\"><span class=\"c2\">D&rsquo;ordinaire si solide et difficile \u00e0 manoeuvrer, l&rsquo;Allemagne a litt\u00e9ralement \u00e9t\u00e9 humili\u00e9e et depuis, les appels \u00e0 la d\u00e9mission de Joachim Low se multiplient.<\/span><\/p>\n<p class=\"p1 c3\"><span class=\"c2\">\u00ab\u00a0Rien n&rsquo;a fonctionn\u00e9 : langage corporel, agressivit\u00e9, engagement dans les duels, on n&rsquo;a rien vu de tout \u00e7a sur le terrain. A 1-0, nous avons abandonn\u00e9 notre plan de jeu. Nous sommes brutalement sortis du match, nous avons ouvert des espaces et il n&rsquo;y avait ni organisation, ni communication entre joueurs, \u00e7a a \u00e9t\u00e9 mortel\u00a0\u00bb, conc\u00e9dait le s\u00e9lectionneur Joachim Low sur la cha\u00eene allemande ARD.<\/span><\/p>\n<p>Auteur: letemps1<br \/>\n<a href=\"http:\/\/www.letemps.com.tn\/article\/118188\/%C2%ABnous-sommes-la-ris%C3%A9e-du-monde-entier-%C2%BB\">Cliquez ici pour lire l&rsquo;article depuis sa source.<\/a><\/p>\n","protected":false},"excerpt":{"rendered":"<p>La l\u00e9gende du football allemand, Franz Beckenbauer, n&rsquo;a gu\u00e8re appr\u00e9ci\u00e9 le fait d&rsquo;avoir \u00e9t\u00e9 humili\u00e9 mardi dernier par l&rsquo;Espagne (6-0) en Ligue des nations, estimant que \u00ab\u00a0le monde entier se moque maintenant\u00a0\u00bb de la Mannschaft. Dans sa chronique habituelle publi\u00e9e par Bild, Franz Beckenbauer a fait savoir sa position. \u00ab\u00a0Ce n&rsquo;\u00e9tait pas du tout l&rsquo;\u00e9quipe [&hellip;]<\/p>\n","protected":false},"author":1773,"featured_media":0,"comment_status":"closed","ping_status":"closed","sticky":false,"template":"","format":"standard","meta":{"fifu_image_url":"","fifu_image_alt":"","footnotes":""},"categories":[73,55],"tags":[],"class_list":["post-105328","post","type-post","status-publish","format-standard","hentry","category-actualite","category-tunisie"],"_links":{"self":[{"href":"https:\/\/linitiative.ca\/International\/wp-json\/wp\/v2\/posts\/105328","targetHints":{"allow":["GET"]}}],"collection":[{"href":"https:\/\/linitiative.ca\/International\/wp-json\/wp\/v2\/posts"}],"about":[{"href":"https:\/\/linitiative.ca\/International\/wp-json\/wp\/v2\/types\/post"}],"author":[{"embeddable":true,"href":"https:\/\/linitiative.ca\/International\/wp-json\/wp\/v2\/users\/1773"}],"replies":[{"embeddable":true,"href":"https:\/\/linitiative.ca\/International\/wp-json\/wp\/v2\/comments?post=105328"}],"version-history":[{"count":0,"href":"https:\/\/linitiative.ca\/International\/wp-json\/wp\/v2\/posts\/105328\/revisions"}],"wp:attachment":[{"href":"https:\/\/linitiative.ca\/International\/wp-json\/wp\/v2\/media?parent=105328"}],"wp:term":[{"taxonomy":"category","embeddable":true,"href":"https:\/\/linitiative.ca\/International\/wp-json\/wp\/v2\/categories?post=105328"},{"taxonomy":"post_tag","embeddable":true,"href":"https:\/\/linitiative.ca\/International\/wp-json\/wp\/v2\/tags?post=105328"}],"curies":[{"name":"wp","href":"https:\/\/api.w.org\/{rel}","templated":true}]}}