{"id":105329,"date":"2020-11-21T11:00:00","date_gmt":"2020-11-21T16:00:00","guid":{"rendered":"https:\/\/linitiative.ca\/International\/il-sagit-de-la-sante-des-joueurs\/"},"modified":"2020-11-21T11:00:00","modified_gmt":"2020-11-21T16:00:00","slug":"il-sagit-de-la-sante-des-joueurs","status":"publish","type":"post","link":"https:\/\/linitiative.ca\/International\/il-sagit-de-la-sante-des-joueurs\/","title":{"rendered":"\u00abIl s&rsquo;agit de la sant\u00e9 des joueurs !\u00bb"},"content":{"rendered":"<p class=\"p1 c3\"><span class=\"c2\">Plus les semaines passent, plus les effectifs sont d\u00e9cim\u00e9s par les blessures. Particuli\u00e8rement touch\u00e9 chez les Reds, l&rsquo;Allemand est mont\u00e9 au cr\u00e9neau.<\/span><\/p>\n<p class=\"p1 c3\"><span class=\"c2\">Au fil des semaines, l&rsquo;habituel sourire communicatif de J\u00fcrgen Klopp est en train de laisser la place \u00e0 une mine plus marqu\u00e9e, inqui\u00e8te. Et pour cause, l&rsquo;entra\u00eeneur de Liverpool n&rsquo;est pas \u00e9pargn\u00e9 depuis le d\u00e9but de la saison, lui qui doit composer avec une cascade de blessures particuli\u00e8rement handicapante. Et la tr\u00eave internationale n&rsquo;a rien arrang\u00e9&#8230;<\/span><\/p>\n<p class=\"p1 c3\"><span class=\"c2\"><span class=\"Apple-converted-space\">\u00a0<\/span>\u00ab\u00a0Je ne suis pas un grand fan des tr\u00eaves internationales. Pour nous, ce n&rsquo;\u00e9tait pas une tr\u00eave r\u00e9ussie. Nous avons perdu des joueurs. Avec Joey (Gomez), c&rsquo;\u00e9tait \u00e0 cause de l&rsquo;intensit\u00e9 de la saison. C&rsquo;est une chose dont nous devons nous inqui\u00e9ter. Ce n&rsquo;est pas une excuse. C&rsquo;est juste une explication\u00a0\u00bb , a-t-il confi\u00e9 dans un entretien au long cours accord\u00e9 \u00e0 l&rsquo;ancien milieu de terrain des Reds Jamie Redknapp, apr\u00e8s avoir aussi perdu son capitaine Jordan Henderson, touch\u00e9 avec les Trois Lions.<\/span><\/p>\n<p class=\"p1 c3\"><span class=\"c2\">\u00ab\u00a0Il semble que le monde entier ait chang\u00e9 (avec le Covid-19), mais les deux choses qui n&rsquo;ont pas boug\u00e9 sont le calendrier de la Premier League et les 3 changements. Avant la saison, certaines personnes pensaient que ce serait un avantage pour nous de nous en tenir \u00e0 la r\u00e8gle des 5 changements.<span class=\"Apple-converted-space\">\u00a0<\/span><\/span><\/p>\n<p class=\"p1 c3\"><span class=\"c2\">Mais la question n&rsquo;a jamais \u00e9t\u00e9 d&rsquo;avoir un avantage. Tous les autres pays l&rsquo;ont fait. Prenez l&rsquo;Italie. La Juventus, l&rsquo;Inter Milan, ils ont les effectifs les plus \u00e9toff\u00e9s, mais les autres clubs ont quand m\u00eame dit : &lsquo;Nous avons besoin de 5 changements&rsquo; (&#8230;) Il ne s&rsquo;agit pas de moi, ni de Liverpool. Il s&rsquo;agit de la sant\u00e9 des joueurs\u00a0\u00bb , a ensuite ajout\u00e9 l&rsquo;Allemand, entre fatalisme et volont\u00e9 de faire \u00e9voluer les choses.<\/span><\/p>\n<p class=\"p1 c3\"><span class=\"c2\">Plus que jamais, J\u00fcrgen Klopp tire la sonnette d&rsquo;alarme. \u00ab\u00a0On sait que les mois de d\u00e9cembre et janvier, en saison normale, sont \u00e9prouvants. Mais cette ann\u00e9e, pour les clubs engag\u00e9s en Ligue des champions et en Ligue Europa, les mois d&rsquo;octobre et de novembre sont dignes de mois de d\u00e9cembre ou de janvier\u00a0\u00bb , insiste-t-il.<span class=\"Apple-converted-space\">\u00a0<\/span><\/span><\/p>\n<p class=\"p1 c3\"><span class=\"c2\">\u00c0 ce rythme, il est clair que les organismes, d\u00e9j\u00e0 tr\u00e8s \u00e9prouv\u00e9s, risquent d&rsquo;imploser. Inqui\u00e9tant, d&rsquo;autant qu&rsquo;un Euro se profile \u00e0 la fin de la saison. Avec quels joueurs pour l&rsquo;enflammer ?<\/span><\/p>\n<p>Auteur: letemps1<br \/>\n<a href=\"http:\/\/www.letemps.com.tn\/article\/118189\/%C2%ABil-sagit-de-la-sant%C3%A9-des-joueurs-%C2%BB\">Cliquez ici pour lire l&rsquo;article depuis sa source.<\/a><\/p>\n","protected":false},"excerpt":{"rendered":"<p>Plus les semaines passent, plus les effectifs sont d\u00e9cim\u00e9s par les blessures. Particuli\u00e8rement touch\u00e9 chez les Reds, l&rsquo;Allemand est mont\u00e9 au cr\u00e9neau. Au fil des semaines, l&rsquo;habituel sourire communicatif de J\u00fcrgen Klopp est en train de laisser la place \u00e0 une mine plus marqu\u00e9e, inqui\u00e8te. Et pour cause, l&rsquo;entra\u00eeneur de Liverpool n&rsquo;est pas \u00e9pargn\u00e9 depuis [&hellip;]<\/p>\n","protected":false},"author":1773,"featured_media":0,"comment_status":"closed","ping_status":"closed","sticky":false,"template":"","format":"standard","meta":{"fifu_image_url":"","fifu_image_alt":"","footnotes":""},"categories":[73,55],"tags":[],"class_list":["post-105329","post","type-post","status-publish","format-standard","hentry","category-actualite","category-tunisie"],"_links":{"self":[{"href":"https:\/\/linitiative.ca\/International\/wp-json\/wp\/v2\/posts\/105329","targetHints":{"allow":["GET"]}}],"collection":[{"href":"https:\/\/linitiative.ca\/International\/wp-json\/wp\/v2\/posts"}],"about":[{"href":"https:\/\/linitiative.ca\/International\/wp-json\/wp\/v2\/types\/post"}],"author":[{"embeddable":true,"href":"https:\/\/linitiative.ca\/International\/wp-json\/wp\/v2\/users\/1773"}],"replies":[{"embeddable":true,"href":"https:\/\/linitiative.ca\/International\/wp-json\/wp\/v2\/comments?post=105329"}],"version-history":[{"count":0,"href":"https:\/\/linitiative.ca\/International\/wp-json\/wp\/v2\/posts\/105329\/revisions"}],"wp:attachment":[{"href":"https:\/\/linitiative.ca\/International\/wp-json\/wp\/v2\/media?parent=105329"}],"wp:term":[{"taxonomy":"category","embeddable":true,"href":"https:\/\/linitiative.ca\/International\/wp-json\/wp\/v2\/categories?post=105329"},{"taxonomy":"post_tag","embeddable":true,"href":"https:\/\/linitiative.ca\/International\/wp-json\/wp\/v2\/tags?post=105329"}],"curies":[{"name":"wp","href":"https:\/\/api.w.org\/{rel}","templated":true}]}}