{"id":105338,"date":"2020-11-21T15:13:36","date_gmt":"2020-11-21T20:13:36","guid":{"rendered":"https:\/\/linitiative.ca\/International\/pros-comment-le-milan-ac-compte-bloquer-les-courtisans-de-bennacer\/"},"modified":"2020-11-21T15:13:36","modified_gmt":"2020-11-21T20:13:36","slug":"pros-comment-le-milan-ac-compte-bloquer-les-courtisans-de-bennacer","status":"publish","type":"post","link":"https:\/\/linitiative.ca\/International\/pros-comment-le-milan-ac-compte-bloquer-les-courtisans-de-bennacer\/","title":{"rendered":"Pros : Comment le Milan AC compte bloquer les courtisans de Bennacer"},"content":{"rendered":"<div readability=\"32\">\n<p>Auteur : <span class=\"time\">samedi 21 novembre 2020 20:00<\/span><\/p>\n<\/div>\n<div id=\"post_core\" readability=\"40\">\n<p>Pion essentiel du dispositif de Stefano Pioli, Isma\u00ebl Bennacer (22 ans) r\u00e9alise des performances de tr\u00e8s grande qualit\u00e9 avec le Milan AC. D&rsquo;apr\u00e8s Tuttosport que rapporte Maxifoot, les dirigeants lombards comptent bien blinder le contrat du milieu alg\u00e9rien, qui court jusqu&rsquo;en juin 2024, avec une prolongation accompagn\u00e9e d&rsquo;une sensible revalorisation salariale. Pour rappel, le Real Madrid et Manchester City pistent le champion d&rsquo;Afrique (voir la br\u00e8ve du mercredi 18\/11).<\/p>\n<p><strong>Publi\u00e9 dans :<\/strong> <span>Milan AC<\/span><\/p>\n<\/div>\n<p>Auteur:<br \/>\n<a href=\"http:\/\/www.lebuteur.com\/article\/detail?titre=comment-le-milan-ac-compte-bloquer-les-courtisans-de-bennacer&#038;id=98043&#038;utm_source=feedburner&#038;utm_medium=feed&#038;utm_campaign=Feed%3A+GalerieFArtciles+%28Les+derniers+articles++-+lebuteur.com%29\">Cliquez ici pour lire l&rsquo;article depuis sa source.<\/a><\/p>\n","protected":false},"excerpt":{"rendered":"<p>Auteur : samedi 21 novembre 2020 20:00 Pion essentiel du dispositif de Stefano Pioli, Isma\u00ebl Bennacer (22 ans) r\u00e9alise des performances de tr\u00e8s grande qualit\u00e9 avec le Milan AC. D&rsquo;apr\u00e8s Tuttosport que rapporte Maxifoot, les dirigeants lombards comptent bien blinder le contrat du milieu alg\u00e9rien, qui court jusqu&rsquo;en juin 2024, avec une prolongation accompagn\u00e9e d&rsquo;une [&hellip;]<\/p>\n","protected":false},"author":1738,"featured_media":105339,"comment_status":"closed","ping_status":"closed","sticky":false,"template":"","format":"standard","meta":{"fifu_image_url":"","fifu_image_alt":"","footnotes":""},"categories":[53,75],"tags":[],"class_list":["post-105338","post","type-post","status-publish","format-standard","has-post-thumbnail","hentry","category-algerie","category-sport"],"_links":{"self":[{"href":"https:\/\/linitiative.ca\/International\/wp-json\/wp\/v2\/posts\/105338","targetHints":{"allow":["GET"]}}],"collection":[{"href":"https:\/\/linitiative.ca\/International\/wp-json\/wp\/v2\/posts"}],"about":[{"href":"https:\/\/linitiative.ca\/International\/wp-json\/wp\/v2\/types\/post"}],"author":[{"embeddable":true,"href":"https:\/\/linitiative.ca\/International\/wp-json\/wp\/v2\/users\/1738"}],"replies":[{"embeddable":true,"href":"https:\/\/linitiative.ca\/International\/wp-json\/wp\/v2\/comments?post=105338"}],"version-history":[{"count":0,"href":"https:\/\/linitiative.ca\/International\/wp-json\/wp\/v2\/posts\/105338\/revisions"}],"wp:featuredmedia":[{"embeddable":true,"href":"https:\/\/linitiative.ca\/International\/wp-json\/"}],"wp:attachment":[{"href":"https:\/\/linitiative.ca\/International\/wp-json\/wp\/v2\/media?parent=105338"}],"wp:term":[{"taxonomy":"category","embeddable":true,"href":"https:\/\/linitiative.ca\/International\/wp-json\/wp\/v2\/categories?post=105338"},{"taxonomy":"post_tag","embeddable":true,"href":"https:\/\/linitiative.ca\/International\/wp-json\/wp\/v2\/tags?post=105338"}],"curies":[{"name":"wp","href":"https:\/\/api.w.org\/{rel}","templated":true}]}}