{"id":105340,"date":"2020-11-21T10:51:00","date_gmt":"2020-11-21T15:51:00","guid":{"rendered":"https:\/\/linitiative.ca\/International\/algerie-coree-du-sud-la-cooperation-dans-le-domaine-des-micro-entreprises-evoquee\/"},"modified":"2020-11-21T10:51:00","modified_gmt":"2020-11-21T15:51:00","slug":"algerie-coree-du-sud-la-cooperation-dans-le-domaine-des-micro-entreprises-evoquee","status":"publish","type":"post","link":"https:\/\/linitiative.ca\/International\/algerie-coree-du-sud-la-cooperation-dans-le-domaine-des-micro-entreprises-evoquee\/","title":{"rendered":"ALGERIE &#8211; COREE DU SUD : La coop\u00e9ration dans  le domaine des micro-entreprises \u00e9voqu\u00e9e"},"content":{"rendered":"<p><br id=\"sep_para_1\" class=\"sep_para access\"\/><\/p>\n<div id=\"para_1\" class=\"para_39611515 resize\">\n<div class=\"texte access firstletter\">Le ministre d\u00e9l\u00e9gu\u00e9 aupr\u00e8s du Premier ministre, charg\u00e9 des micro-entreprises, Nassim Diafat a re\u00e7u l\u2019ambassadeur de la R\u00e9publique de Cor\u00e9e en Alg\u00e9rie, Lee Eun Yong, avec lequel il a \u00e9voqu\u00e9 l\u2019\u00e9tat des relations de coop\u00e9ration et de partenariat entre les deux pays dans le domaine \u00e9conomique, a indiqu\u00e9 le minist\u00e8re d\u00e9l\u00e9gu\u00e9 dans un communiqu\u00e9. A cette occasion, le ministre a pass\u00e9 en revue la nouvelle strat\u00e9gie adopt\u00e9e par le secteur des micro-entreprises au plan local et international, mettant en avant par la m\u00eame l\u2019importance apport\u00e9e par le pr\u00e9sident de la R\u00e9publique au cr\u00e9neau de l\u2019\u00e9conomie des jeunes, plac\u00e9 au c\u0153ur des r\u00e9formes initi\u00e9es, a pr\u00e9cis\u00e9 le communiqu\u00e9. M.Diafat a insist\u00e9, dans le m\u00eame cadre, sur le n\u00e9cessaire \u00e9tablissement de liens de coop\u00e9ration bilat\u00e9rale dans ce domaine afin de permettre aux micro-entreprises alg\u00e9riennes de tirer profit de ses homologues cor\u00e9ennes. De son c\u00f4t\u00e9, l\u2019ambassadeur sud-cor\u00e9en a qualifi\u00e9 l\u2019Alg\u00e9rie de \u00ab\u00a0partenaire \u00e9conomique et strat\u00e9gique aux yeux de son pays\u00a0\u00bb, d\u2019o\u00f9 l\u2019int\u00e9r\u00eat de booster les relations bilat\u00e9rales dans le domaine des micro-entreprises, se disant ouvert \u00e0 mettre en place un programme de coop\u00e9ration dans les domaines \u00e9voqu\u00e9s par M. Diafat, a conclu le communiqu\u00e9.<\/div>\n<\/div>\n<p>Auteur: Nadine<br \/>\n<a href=\"https:\/\/www.reflexiondz.net\/ALGERIE-COREE-DU-SUD-La-cooperation-dans-le-domaine-des-micro-entreprises-evoquee_a66376.html\">Cliquez ici pour lire l&rsquo;article depuis sa source.<\/a><\/p>\n","protected":false},"excerpt":{"rendered":"<p>Le ministre d\u00e9l\u00e9gu\u00e9 aupr\u00e8s du Premier ministre, charg\u00e9 des micro-entreprises, Nassim Diafat a re\u00e7u l\u2019ambassadeur de la R\u00e9publique de Cor\u00e9e en Alg\u00e9rie, Lee Eun Yong, avec lequel il a \u00e9voqu\u00e9 l\u2019\u00e9tat des relations de coop\u00e9ration et de partenariat entre les deux pays dans le domaine \u00e9conomique, a indiqu\u00e9 le minist\u00e8re d\u00e9l\u00e9gu\u00e9 dans un communiqu\u00e9. A [&hellip;]<\/p>\n","protected":false},"author":1740,"featured_media":0,"comment_status":"closed","ping_status":"closed","sticky":false,"template":"","format":"standard","meta":{"fifu_image_url":"","fifu_image_alt":"","footnotes":""},"categories":[53,76],"tags":[],"class_list":["post-105340","post","type-post","status-publish","format-standard","hentry","category-algerie","category-regions"],"_links":{"self":[{"href":"https:\/\/linitiative.ca\/International\/wp-json\/wp\/v2\/posts\/105340","targetHints":{"allow":["GET"]}}],"collection":[{"href":"https:\/\/linitiative.ca\/International\/wp-json\/wp\/v2\/posts"}],"about":[{"href":"https:\/\/linitiative.ca\/International\/wp-json\/wp\/v2\/types\/post"}],"author":[{"embeddable":true,"href":"https:\/\/linitiative.ca\/International\/wp-json\/wp\/v2\/users\/1740"}],"replies":[{"embeddable":true,"href":"https:\/\/linitiative.ca\/International\/wp-json\/wp\/v2\/comments?post=105340"}],"version-history":[{"count":0,"href":"https:\/\/linitiative.ca\/International\/wp-json\/wp\/v2\/posts\/105340\/revisions"}],"wp:attachment":[{"href":"https:\/\/linitiative.ca\/International\/wp-json\/wp\/v2\/media?parent=105340"}],"wp:term":[{"taxonomy":"category","embeddable":true,"href":"https:\/\/linitiative.ca\/International\/wp-json\/wp\/v2\/categories?post=105340"},{"taxonomy":"post_tag","embeddable":true,"href":"https:\/\/linitiative.ca\/International\/wp-json\/wp\/v2\/tags?post=105340"}],"curies":[{"name":"wp","href":"https:\/\/api.w.org\/{rel}","templated":true}]}}