{"id":105348,"date":"2020-11-21T04:30:00","date_gmt":"2020-11-21T09:30:00","guid":{"rendered":"https:\/\/linitiative.ca\/International\/controle-general-des-services-publics-a-chacun-son-corps-jusqua-quand\/"},"modified":"2020-11-21T04:30:00","modified_gmt":"2020-11-21T09:30:00","slug":"controle-general-des-services-publics-a-chacun-son-corps-jusqua-quand","status":"publish","type":"post","link":"https:\/\/linitiative.ca\/International\/controle-general-des-services-publics-a-chacun-son-corps-jusqua-quand\/","title":{"rendered":"Contr\u00f4le g\u00e9n\u00e9ral des services publics: A chacun son Corps&#8230; jusqu\u2019\u00e0 quand !"},"content":{"rendered":"<p>La cartographie des structures en charge du contr\u00f4le des services publics est \u00e9difiante. Trois corps g\u00e9n\u00e9raux, sp\u00e9cifiques et un haut comit\u00e9 op\u00e8rent en m\u00eame temps, s\u00e9par\u00e9ment, rarement conjointement, avec des effectifs et des moyens fort r\u00e9duits. Il s\u2019agit du:<\/p>\n<p><strong><span class=\"c2\">1.<\/span><\/strong> Corps de contr\u00f4le g\u00e9n\u00e9ral des services publics &#8211; Cgsp (d\u00e9cret n\u00b0 2013-3232 du 12 ao\u00fbt 2013), relevant du Chef du gouvernement<\/p>\n<p><span class=\"c2\"><strong>2.<\/strong><\/span> Contr\u00f4le g\u00e9n\u00e9ral des finances &#8211; CGF (d\u00e9cret N\u00b02000-2886 du 7 d\u00e9cembre 2000), relevant du ministre charg\u00e9 des Finances<\/p>\n<p><span class=\"c2\"><strong>3.<\/strong><\/span> Corps du contr\u00f4le g\u00e9n\u00e9ral des domaines de l\u2019Etat et des affaires fonci\u00e8res (d\u00e9cret n\u00b0 91-842 du 31\/05\/1991).<\/p>\n<p>Et du Haut comit\u00e9 du contr\u00f4le administratif et financier &#8211; Hccaf (loi n\u00b0 93- 50 du 3 mai 1993).<\/p>\n<p>Les effectifs sont peu fournis:<\/p>\n<p class=\"c3\"><span class=\"c2\"><strong>\u2022<\/strong><\/span> Cgsp : 87 en titre, mais seulement 52 en exercice effectif, hors d\u00e9tachements et autres<\/p>\n<p class=\"c3\"><span class=\"c2\"><strong>\u2022<\/strong><\/span> CGF : 68<\/p>\n<p class=\"c3\"><span class=\"c2\"><strong>\u2022<\/strong><\/span> Domaines de l\u2019Etat : 33\u00a0 A la date d\u2019aujourd\u2019hui<\/p>\n<p class=\"c3\"><span class=\"c2\"><strong>\u2022<\/strong><\/span> Hccaf : 7<\/p>\n<p>Chevauchement parfois, double emploi, et manque de coordination et de synergie sont relev\u00e9s. Pourtant, l\u2019ampleur de la t\u00e2che de chacun, et de tous, est exigeante. Examinons quelques chiffres, bien \u00e9difiants, quant au champ d\u2019exercice du contr\u00f4le:<\/p>\n<p class=\"c3\"><span class=\"c2\"><strong>\u2022<\/strong><\/span> 24 gouvernorats<\/p>\n<p class=\"c3\"><span class=\"c2\"><strong>\u2022<\/strong><\/span> 209 entreprises publiques<\/p>\n<p class=\"c3\"><span class=\"c2\"><strong>\u2022<\/strong><\/span> 1 200 \u00e9tablissements publics administratifs<\/p>\n<p class=\"c3\"><span class=\"c2\"><strong>\u2022<\/strong><\/span> 90 postes diplomatiques et consulaires \u00e0 l\u2019\u00e9tranger<\/p>\n<p class=\"c3\"><span class=\"c2\"><strong>\u2022<\/strong><\/span> 350 municipalit\u00e9s<\/p>\n<p class=\"c3\"><span class=\"c2\"><strong>\u2022<\/strong><\/span> 23 000 associations<\/p>\n<p>Et des centaines de projets de coop\u00e9ration bilat\u00e9rale et internationale, sans oublier des entreprises du secteur priv\u00e9 b\u00e9n\u00e9ficiant d\u2019avantages publics.<br \/>M\u00eame en regroupant toutes leurs forces respectives, soit 160\u00a0 contr\u00f4leurs au total, ces corps et le haut comit\u00e9 sont loin de pouvoir r\u00e9pondre convenablement aux besoins effectifs. N\u2019emp\u00eache ! Ils s\u2019y mettent. Mais, est-ce raisonnable de persister dans cette fragmentation ?<\/p>\n<p><span class=\"c5\"><span class=\"c4\"><strong>Croisements et amalgames<\/strong><\/span><\/span><\/p>\n<p>En fait, la r\u00e9flexion qui s\u2019impose \u00e0 ce sujet ne doit pas se limiter aux seuls corps de contr\u00f4le. L\u00e9gitimement, elle gagnerait \u00e0 s\u2019\u00e9tendre \u00e0 l\u2019ensemble du dispositif g\u00e9n\u00e9ral actuellement en place. Cette architecture d\u2019ensemble comprend en effet, en outre, le contr\u00f4le a priori exerc\u00e9 par le contr\u00f4le des d\u00e9penses, les commissions des march\u00e9s, les contr\u00f4leurs d\u2019Etat au sein d\u2019\u00e9tablissements publics et autres. Cette structure horizontale se croise avec les inspections dans les minist\u00e8res et autres structures.<\/p>\n<p>Tout peut se compliquer lorsque ceux qui sont charg\u00e9s du contr\u00f4le a priori sont investis dans des missions de contr\u00f4le a posteriori, devant ainsi auditer ce qu\u2019ils avaient d\u00e9j\u00e0 autoris\u00e9. Plus encore, ce risque ne fait qu\u2019accro\u00eetre la confusion et semer l\u2019amalgame dans les esprits, tant aupr\u00e8s des d\u00e9cisionnaires et agents du service public que des Tunisiens et leurs \u00e9lus.<\/p>\n<p><strong>Un corps uni, sain et agissant<\/strong><\/p>\n<p>Une jeune d\u00e9mocratie qui comme la Tunisie entend s\u2019engager r\u00e9solument sur la voie de la bonne gouvernance, avec ses corollaires de redevabilit\u00e9, de transparence et de lutte contre la malversation, ne peut qu\u2019ent\u00e9riner le choix d\u2019une refonte du dispositif actuel. Au-del\u00e0 des ego des uns, des ambitions des autres, et de l\u2019esprit de tout accaparer, il y va de l\u2019int\u00e9r\u00eat national. Plus encore, cette r\u00e9-architecture qui doit n\u00e9cessairement s\u2019accompagner d\u2019affectation de ressources additionnelles en expertises comme en moyens et \u00e9quipements, favorisera sans doute les nouvelles orientations du contr\u00f4le. Au-del\u00e0 de l\u2019audit des comptes et de la gestion, c\u2019est l\u2019\u00e9valuation des politiques publiques et les recommandations utiles \u00e0 ce sujet qui m\u00e9ritent d\u2019\u00eatre mises en avant.<\/p>\n<p>Ne l\u2019oublions pas, un corps, c\u2019est un corps unique, fort, sain et agissant.<\/p>\n<p class=\"c6\"><strong>Lire aussi<\/strong><\/p>\n<p class=\"c6\"><a href=\"https:\/\/www.leaders.com.tn\/article\/30936-voyage-a-l-interieur-du-cgsp-des-attributions-etendues-mais-limitees-aux-rapports-de-mission\" target=\"_blank\" rel=\"noopener noreferrer\">Voyage \u00e0 l&rsquo;int\u00e9rieur du Contr\u00f4le g\u00e9n\u00e9ral des Services publics en Tunisie: Un corps d&rsquo;\u00e9lite et une mission tr\u00e8s \u00e9tendue<\/a><\/p>\n<p class=\"c6\"><a href=\"https:\/\/www.leaders.com.tn\/article\/30929-controle-general-des-services-publics-ces-super-controleurs-a-qui-rien-n-echappe\" target=\"_blank\" rel=\"noopener noreferrer\">Contr\u00f4le g\u00e9n\u00e9ral des services publics: Ces super-contr\u00f4leurs \u00e0 qui rien n\u2019\u00e9chappe<\/a><\/p>\n<p>\u00a0<\/p>\n<p>Auteur:<br \/>\n<a href=\"https:\/\/www.leaders.com.tn\/article\/30962-controle-general-des-services-publics-a-chacun-son-corps-jusqu-a-quand\">Cliquez ici pour lire l&rsquo;article depuis sa source.<\/a><\/p>\n","protected":false},"excerpt":{"rendered":"<p>La cartographie des structures en charge du contr\u00f4le des services publics est \u00e9difiante. Trois corps g\u00e9n\u00e9raux, sp\u00e9cifiques et un haut comit\u00e9 op\u00e8rent en m\u00eame temps, s\u00e9par\u00e9ment, rarement conjointement, avec des effectifs et des moyens fort r\u00e9duits. Il s\u2019agit du: 1. Corps de contr\u00f4le g\u00e9n\u00e9ral des services publics &#8211; Cgsp (d\u00e9cret n\u00b0 2013-3232 du 12 ao\u00fbt [&hellip;]<\/p>\n","protected":false},"author":1772,"featured_media":0,"comment_status":"closed","ping_status":"closed","sticky":false,"template":"","format":"standard","meta":{"fifu_image_url":"","fifu_image_alt":"","footnotes":""},"categories":[73,55],"tags":[],"class_list":["post-105348","post","type-post","status-publish","format-standard","hentry","category-actualite","category-tunisie"],"_links":{"self":[{"href":"https:\/\/linitiative.ca\/International\/wp-json\/wp\/v2\/posts\/105348","targetHints":{"allow":["GET"]}}],"collection":[{"href":"https:\/\/linitiative.ca\/International\/wp-json\/wp\/v2\/posts"}],"about":[{"href":"https:\/\/linitiative.ca\/International\/wp-json\/wp\/v2\/types\/post"}],"author":[{"embeddable":true,"href":"https:\/\/linitiative.ca\/International\/wp-json\/wp\/v2\/users\/1772"}],"replies":[{"embeddable":true,"href":"https:\/\/linitiative.ca\/International\/wp-json\/wp\/v2\/comments?post=105348"}],"version-history":[{"count":0,"href":"https:\/\/linitiative.ca\/International\/wp-json\/wp\/v2\/posts\/105348\/revisions"}],"wp:attachment":[{"href":"https:\/\/linitiative.ca\/International\/wp-json\/wp\/v2\/media?parent=105348"}],"wp:term":[{"taxonomy":"category","embeddable":true,"href":"https:\/\/linitiative.ca\/International\/wp-json\/wp\/v2\/categories?post=105348"},{"taxonomy":"post_tag","embeddable":true,"href":"https:\/\/linitiative.ca\/International\/wp-json\/wp\/v2\/tags?post=105348"}],"curies":[{"name":"wp","href":"https:\/\/api.w.org\/{rel}","templated":true}]}}