{"id":105362,"date":"2020-11-21T09:45:29","date_gmt":"2020-11-21T14:45:29","guid":{"rendered":"https:\/\/linitiative.ca\/International\/securisation-des-elections-presidentielle-et-legislatives-les-encouragements-de-la-cedao-a-la-grande-muette\/"},"modified":"2020-11-21T09:45:29","modified_gmt":"2020-11-21T14:45:29","slug":"securisation-des-elections-presidentielle-et-legislatives-les-encouragements-de-la-cedao-a-la-grande-muette","status":"publish","type":"post","link":"https:\/\/linitiative.ca\/International\/securisation-des-elections-presidentielle-et-legislatives-les-encouragements-de-la-cedao-a-la-grande-muette\/","title":{"rendered":"S\u00e9curisation des \u00e9lections pr\u00e9sidentielle et l\u00e9gislatives: Les encouragements de la CEDAO \u00e0 la grande muette"},"content":{"rendered":"<div class=\"td-post-featured-image\"><a href=\"https:\/\/www.sidwaya.info\/wp-content\/uploads\/2020\/11\/securisation.jpeg\" data-caption=\"\"><img loading=\"lazy\" decoding=\"async\" width=\"696\" height=\"464\" class=\"entry-thumb td-modal-image\" src=\"https:\/\/www.sidwaya.info\/wp-content\/uploads\/2020\/11\/securisation-696x464.jpeg\" srcset=\"https:\/\/www.sidwaya.info\/wp-content\/uploads\/2020\/11\/securisation-696x464.jpeg 696w, https:\/\/www.sidwaya.info\/wp-content\/uploads\/2020\/11\/securisation-300x200.jpeg 300w, https:\/\/www.sidwaya.info\/wp-content\/uploads\/2020\/11\/securisation-768x512.jpeg 768w, https:\/\/www.sidwaya.info\/wp-content\/uploads\/2020\/11\/securisation-630x420.jpeg 630w, https:\/\/www.sidwaya.info\/wp-content\/uploads\/2020\/11\/securisation.jpeg 800w\" sizes=\"auto, (max-width: 696px) 100vw, 696px\" alt=\"\" title=\"securisation\"\/><\/a><\/div>\n<p><strong>Le commissaire aux affaires politiques, paix et s\u00e9curit\u00e9, de la commission de la CEDEAO, le G\u00e9n\u00e9ral Francis B\u00e9hanzin, s\u2019est entretenu avec la hi\u00e9rarchie militaire, le samedi 21 novembre 2020, \u00e0 Ouagadougou, sur le dispositif s\u00e9curitaire mis en place dans le cadre du scrutin coupl\u00e9 pr\u00e9sidentiel et l\u00e9gislatif.<\/strong><\/p>\n<p><strong>\u00a0<\/strong>Le contexte s\u00e9curitaire dans lequel se d\u00e9roulent les \u00e9lections pr\u00e9sidentielle et l\u00e9gislatives du 22 novembre 2020 a n\u00e9cessit\u00e9 l\u2019implication des toutes les forces militaires et paramilitaires dans la s\u00e9curisation du processus \u00e9lectoral. Le commissaire aux affaires politiques, paix et s\u00e9curit\u00e9 de la commission de la CEDEAO, le G\u00e9n\u00e9ral Francis B\u00e9hanzin est all\u00e9 s\u2019enqu\u00e9rir du dispositif s\u00e9curitaire mis en place \u00e0 l\u2019occasion aupr\u00e8s de la hi\u00e9rarchie militaire dans la matin\u00e9e du samedi 21 novembre 2020, \u00e0 Ouagadougou. Entour\u00e9 de tous les premiers responsables forces militaires et paramilitaires, le chef d\u2019Etat-major g\u00e9n\u00e9ral des arm\u00e9es, le G\u00e9n\u00e9ral de brigade, Mo\u00efse Miningou, a pr\u00e9sent\u00e9 les diff\u00e9rentes facettes de la s\u00e9curisation du double scrutin. La premi\u00e8re phase qui a concern\u00e9 la campagne \u00e9lectorale s\u2019est bien d\u00e9roul\u00e9e, selon les confidences de l\u2019\u00e9missaire de la CEDEAO, le G\u00e9n\u00e9ral Francis B\u00e9hanzin, \u00e0 sa sortie du briefing. <em>\u00ab\u00a0La premi\u00e8re phase est pass\u00e9e et il n\u2019y a pas eu d\u2019incident majeur. La deuxi\u00e8me phase concerne le vote, le d\u00e9pouillement et l\u2019annonce des r\u00e9sultats et la troisi\u00e8me est \u00a0relative \u00e0 la p\u00e9riode post-\u00e9lectorale. Je suis satisfait de ce que nous avons entendu au niveau politique et des tous les acteurs du processus \u00e9lectoral. Le peuple burkinab\u00e8 a accept\u00e9 de faire comprendre \u00e0 toute l\u2019Afrique sa maturit\u00e9 politique\u00a0\u00bb<\/em>, a-t-il d\u00e9clar\u00e9. Gr\u00e2ce au dialogue politique, a soulign\u00e9 le G\u00e9n\u00e9ral B\u00e9hanzin, tous les acteurs politiques se sont accord\u00e9s pour vivre l\u2019\u00e9v\u00e9nement comme <em>\u00ab\u00a0un moment festif\u00a0\u00bb.<\/em> \u00a0<em>\u00ab\u00a0Que la population n\u2019ait pas peur. Que les acteurs politiques n\u2019aient pas peur. Les FDS vont jouer leur r\u00f4le r\u00e9galien \u00e0 savoir prot\u00e9ger tout le territoire national. Elles vont respecter leur posture r\u00e9publicaine en d\u00e9montrant leur professionnalisme afin que tout le monde soit prot\u00e9g\u00e9 pour des \u00e9lections paisibles au Burkina Faso\u00a0\u00bb<\/em>, a indiqu\u00e9 le commissaire aux affaires politiques, paix et s\u00e9curit\u00e9 de la commission de la CEDEAO. Sur la m\u00eame lanc\u00e9e, le d\u2019Etat-major g\u00e9n\u00e9ral des arm\u00e9es, le G\u00e9n\u00e9ral de brigade, Mo\u00efse Miningou, s\u2019est r\u00e9joui du soutien de l\u2019institution r\u00e9gionale au travail qu\u2019ils sont en train de faire. <em>\u00ab\u00a0Comme il l\u2019a dit, nous demandons \u00e0 tout le monde d\u2019\u00eatre serein. Cela fait des mois que nous sommes en train de planifier et nous sommes dans la phase d\u2019ex\u00e9cution de notre dispositif s\u00e9curitaire. Gr\u00e2ce au Tout-Puissant, la premi\u00e8re phase s\u2019est bien d\u00e9roul\u00e9e. Durant toute la campagne, nous n\u2019avons pas eu d\u2019incident sur le d\u00e9roulement du processus \u00e9lectoral\u00a0\u00bb<\/em>, a-t-il soutenu. Il a pr\u00e9cis\u00e9 que le cas de leurs hommes qui sont tomb\u00e9s au Sahel\u00a0 s\u2019inscrivait dans le cadre de leur mission r\u00e9galienne. <em>\u00ab\u00a0Nous sommes s\u00fbrs que les votes vont bien se d\u00e9rouler. N\u2019ayez pas peur, allez voter et que le meilleur gagne\u00a0\u00bb<\/em>, a conclu le G\u00e9n\u00e9ral de brigade, Mo\u00efse Miningou.<\/p>\n<p><strong>Karim BADOLO<\/strong><\/p>\n<p><strong>L\u00e9gende\/Cr\u00e9dit photos\u00a0: CEMGA<\/strong><\/p>\n<div class=\"td-a-rec td-a-rec-id-content_bottom tdi_30_5c4 td_block_template_1\"><img loading=\"lazy\" decoding=\"async\" class=\"aligncenter size-full wp-image-27454\" src=\"https:\/\/www.sidwaya.info\/wp-content\/uploads\/2020\/10\/PUB-Bandeau-paiement-mobile-siteweb.jpg\" alt=\"\" width=\"728\" height=\"90\"\/><\/div>\n<p>Auteur: BS. Sidwaya<br \/>\n<a href=\"https:\/\/www.sidwaya.info\/blog\/2020\/11\/21\/securisation-des-elections-presidentielle-et-legislatives-les-encouragements-de-la-cedao-a-la-grande-muette\/\">Cliquez ici pour lire l&rsquo;article depuis sa source.<\/a><\/p>\n","protected":false},"excerpt":{"rendered":"<p>Le commissaire aux affaires politiques, paix et s\u00e9curit\u00e9, de la commission de la CEDEAO, le G\u00e9n\u00e9ral Francis B\u00e9hanzin, s\u2019est entretenu avec la hi\u00e9rarchie militaire, le samedi 21 novembre 2020, \u00e0 Ouagadougou, sur le dispositif s\u00e9curitaire mis en place dans le cadre du scrutin coupl\u00e9 pr\u00e9sidentiel et l\u00e9gislatif. \u00a0Le contexte s\u00e9curitaire dans lequel se d\u00e9roulent les [&hellip;]<\/p>\n","protected":false},"author":1816,"featured_media":105363,"comment_status":"closed","ping_status":"closed","sticky":false,"template":"","format":"standard","meta":{"fifu_image_url":"","fifu_image_alt":"","footnotes":""},"categories":[73,81],"tags":[],"class_list":["post-105362","post","type-post","status-publish","format-standard","has-post-thumbnail","hentry","category-actualite","category-burkina-faso"],"_links":{"self":[{"href":"https:\/\/linitiative.ca\/International\/wp-json\/wp\/v2\/posts\/105362","targetHints":{"allow":["GET"]}}],"collection":[{"href":"https:\/\/linitiative.ca\/International\/wp-json\/wp\/v2\/posts"}],"about":[{"href":"https:\/\/linitiative.ca\/International\/wp-json\/wp\/v2\/types\/post"}],"author":[{"embeddable":true,"href":"https:\/\/linitiative.ca\/International\/wp-json\/wp\/v2\/users\/1816"}],"replies":[{"embeddable":true,"href":"https:\/\/linitiative.ca\/International\/wp-json\/wp\/v2\/comments?post=105362"}],"version-history":[{"count":0,"href":"https:\/\/linitiative.ca\/International\/wp-json\/wp\/v2\/posts\/105362\/revisions"}],"wp:featuredmedia":[{"embeddable":true,"href":"https:\/\/linitiative.ca\/International\/wp-json\/"}],"wp:attachment":[{"href":"https:\/\/linitiative.ca\/International\/wp-json\/wp\/v2\/media?parent=105362"}],"wp:term":[{"taxonomy":"category","embeddable":true,"href":"https:\/\/linitiative.ca\/International\/wp-json\/wp\/v2\/categories?post=105362"},{"taxonomy":"post_tag","embeddable":true,"href":"https:\/\/linitiative.ca\/International\/wp-json\/wp\/v2\/tags?post=105362"}],"curies":[{"name":"wp","href":"https:\/\/api.w.org\/{rel}","templated":true}]}}