{"id":105364,"date":"2020-11-21T06:18:39","date_gmt":"2020-11-21T11:18:39","guid":{"rendered":"https:\/\/linitiative.ca\/International\/la-maladie-des-pecheurs-parmi-divers-sujets-a-la-une-au-senegal\/"},"modified":"2020-11-21T06:18:39","modified_gmt":"2020-11-21T11:18:39","slug":"la-maladie-des-pecheurs-parmi-divers-sujets-a-la-une-au-senegal","status":"publish","type":"post","link":"https:\/\/linitiative.ca\/International\/la-maladie-des-pecheurs-parmi-divers-sujets-a-la-une-au-senegal\/","title":{"rendered":"La maladie des p\u00eacheurs parmi divers sujets \u00e0 la Une au S\u00e9n\u00e9gal"},"content":{"rendered":"<div readability=\"32\">\n<p>Publi\u00e9 le 21.11.2020 \u00e0 12h18 par APA News<\/p>\n<\/div>\n<div readability=\"120\">\n<p>Les quotidiens s\u00e9n\u00e9galais parvenus samedi \u00e0 APA traitent de divers sujets soci\u00e9taux particuli\u00e8rement marqu\u00e9s par \u00ab la psychose \u00bb cr\u00e9\u00e9e par la maladie myst\u00e9rieuse des p\u00eacheurs.\u00ab La psychose s\u2019installe \u00bb, titre EnQu\u00eate, notant que la maladie dermatite des p\u00eacheurs a comme cons\u00e9quence la \u00ab m\u00e9vente du poisson \u00bb. Si les acteurs \u00ab d\u00e9noncent les rumeurs \u00bb, leur produit \u00ab ne trouve plus preneur sur les quais de p\u00eache \u00bb.<\/p>\n<p>Mais pour le secr\u00e9taire g\u00e9n\u00e9ral des p\u00eacheurs de Ouakam (une commune c\u00f4ti\u00e8re dakaroise), ce sont \u00ab\u00a0ceux qui utilisent les monofilaments qui sont touch\u00e9s\u00a0\u00bb et que la zone la plus infect\u00e9e se situe \u00e0 52 km de Dakar, vers Sendou.<\/p>\n<p>Le ministre de la Sant\u00e9 Abdoulaye Diouf Sarr l\u00e8ve les \u00e9quivoques en soulignant qu\u2019il n\u2019y a \u00ab aucun \u00e9l\u00e9ment qui peut nous permettre d\u2019indexer la dangerosit\u00e9 des poissons\u00a0\u00bb. Cela fait dire \u00e0 Vox Populi que \u00ab\u00a0les autorit\u00e9s +lavent+ les poissons\u00a0\u00bb.<\/p>\n<p>Outre le ministre de la Sant\u00e9, ses coll\u00e8gues de la P\u00eache et de l\u2019Environnement tentent de calmer aussi la situation. Alioune Ndoye note que \u00ab\u00a0les poissons ne sont pas sources de contamination\u00a0\u00bb l\u00e0 o\u00f9 Abdou Karim Sall souligne qu\u2019\u00abon suspecte une esp\u00e8ce d\u2019algues marines\u00a0\u00bb. Pendant ce temps, rel\u00e8ve le journal, 224 p\u00eacheurs sont infect\u00e9s \u00e0 Rufisque, mais le nombre de malades est \u00ab\u00a0en baisse\u00a0\u00bb.<\/p>\n<p>Sur la contrebande autour des importations de sucre, Le Quotidien informe que \u00ab\u00a0la gendarmerie traque les fraudeurs. Au m\u00eame moment, le directeur des ressources humaines de la Compagnie sucri\u00e8re s\u00e9n\u00e9galaise (CSS), Louis Lamotte, confie \u00e0 L\u2019AS que \u00ab\u00a0s\u2019il s\u2019agit de verser notre sang, nous le ferons pour d\u00e9fendre la compagnie\u00a0\u00bb.<\/p>\n<p>En fait divers, Lib\u00e9ration revient sur le meurtre de l\u2019\u00e9tudiant Ahyi Joel C\u00e9lestin Philippe et note que la S\u00fbret\u00e9 urbaine (SU) \u00ab\u00a0cueille deux nouveaux suspects\u00a0\u00bb. L\u2019un des arr\u00eat\u00e9s le fut \u00ab\u00a0\u00e0 plusieurs reprises apr\u00e8s des vols et agressions\u00a0\u00bb.<\/p>\n<p>Le journal note en outre que 10 corps sans vie, d\u2019anciens candidats probables \u00e0 l\u2019\u00e9migration dite clandestine, sont \u00ab\u00a0rep\u00each\u00e9s au Cap-Vert\u00a0\u00bb mardi et jeudi derniers.<\/p>\n<p>Le Soleil publie un dossier sur les albinos qui vivent \u00ab\u00a0le supplice\u00a0\u00bb. Celui-ci se manifeste par l\u2019ostracisme, les mythes et la chert\u00e9 des soins, rel\u00e8ve le quotidien national qui reprend \u00e9galement ce t\u00e9moignage\u00a0de l\u2019un d\u2019eux\u00a0: \u00ab\u00a0Nous br\u00fblons le jour et g\u00e9missons la nuit\u00a0\u00bb.<\/p>\n<p>Le Soleil s\u2019interroge par ailleurs sur la profusion de publications\u00a0: \u00ab\u00a0Au S\u00e9n\u00e9gal, que vaut la litt\u00e9rature\u00a0?\u00a0\u00bb<\/p>\n<p>En politique, L\u2019AS et L\u2019Observateur notent qu\u2019Aminata Tour\u00e9, d\u00e9barqu\u00e9e de la t\u00eate du Conseil \u00e9conomique, social et environnemental (Cese), a \u00ab\u00a0boud\u00e9\u00a0\u00bb la r\u00e9union du Secr\u00e9tariat ex\u00e9cutif national du parti pr\u00e9sidentiel APR. Ce n\u2019est pas le cas cependant pour Mouhamed Boun Abdallah Dionne, Amadou B\u00e2, Oumar Youm et Aly Ngouille Ndiaye qui \u00ab\u00a0chantent leur loyaut\u00e9 au pr\u00e9sident\u00a0\u00bb Macky Sall.<\/p>\n<p>Sur le statut de chef de l\u2019opposition, L\u2019Observateur note que Macky Sall est \u00ab\u00a0face \u00e0 l\u2019option Sonko\u00a0\u00bb apr\u00e8s l\u2019entrisme d\u2019Idrissa Seck qui le met \u00ab\u00a0en situation inconfortable\u00a0\u00bb.<\/p>\n<p>En football, les principaux titres sportifs font focus sur les \u00ab\u00a0trois grands chocs\u00a0\u00bb du week-end en Espagne, en Angleterre et en Italie. Hormis Atletico \/ Bar\u00e7a et Leicester \/ Liverpool, Milan ira d\u00e9fier Naples de Kalidou Koulibaly. Le colosse d\u00e9fenseur s\u00e9n\u00e9galais fera alors \u00ab\u00a0face \u00e0 un Zlatan (Ibrahimovic) de feu\u00a0\u00bb, pr\u00e9vient Record.<\/p>\n<p>Sur le d\u00e9but du tournoi U20 de l\u2019UFOA, hier vendredi \u00e0 Thi\u00e8s (70 km de Dakar), le S\u00e9n\u00e9gal est neutralis\u00e9 (1-1) d\u2019entr\u00e9e de jeu par la Sierra-L\u00e9one et doit d\u00e9sormais \u00ab remporter le derby contre la Gambie \u00bb, selon le journal. Pour Stades, les Lions U20 jouent leur \u00ab survie \u00bb demain dimanche.<\/p>\n<\/div>\n<p>Auteur: APA News<br \/>\n<a href=\"https:\/\/www.journalducameroun.com\/la-maladie-des-pecheurs-parmi-divers-sujets-a-la-une-au-senegal\/\">Cliquez ici pour lire l&rsquo;article depuis sa source.<\/a><\/p>\n","protected":false},"excerpt":{"rendered":"<p>Publi\u00e9 le 21.11.2020 \u00e0 12h18 par APA News Les quotidiens s\u00e9n\u00e9galais parvenus samedi \u00e0 APA traitent de divers sujets soci\u00e9taux particuli\u00e8rement marqu\u00e9s par \u00ab la psychose \u00bb cr\u00e9\u00e9e par la maladie myst\u00e9rieuse des p\u00eacheurs.\u00ab La psychose s\u2019installe \u00bb, titre EnQu\u00eate, notant que la maladie dermatite des p\u00eacheurs a comme cons\u00e9quence la \u00ab m\u00e9vente du poisson [&hellip;]<\/p>\n","protected":false},"author":1965,"featured_media":0,"comment_status":"closed","ping_status":"closed","sticky":false,"template":"","format":"standard","meta":{"fifu_image_url":"","fifu_image_alt":"","footnotes":""},"categories":[73,82],"tags":[],"class_list":["post-105364","post","type-post","status-publish","format-standard","hentry","category-actualite","category-cameroun"],"_links":{"self":[{"href":"https:\/\/linitiative.ca\/International\/wp-json\/wp\/v2\/posts\/105364","targetHints":{"allow":["GET"]}}],"collection":[{"href":"https:\/\/linitiative.ca\/International\/wp-json\/wp\/v2\/posts"}],"about":[{"href":"https:\/\/linitiative.ca\/International\/wp-json\/wp\/v2\/types\/post"}],"author":[{"embeddable":true,"href":"https:\/\/linitiative.ca\/International\/wp-json\/wp\/v2\/users\/1965"}],"replies":[{"embeddable":true,"href":"https:\/\/linitiative.ca\/International\/wp-json\/wp\/v2\/comments?post=105364"}],"version-history":[{"count":0,"href":"https:\/\/linitiative.ca\/International\/wp-json\/wp\/v2\/posts\/105364\/revisions"}],"wp:attachment":[{"href":"https:\/\/linitiative.ca\/International\/wp-json\/wp\/v2\/media?parent=105364"}],"wp:term":[{"taxonomy":"category","embeddable":true,"href":"https:\/\/linitiative.ca\/International\/wp-json\/wp\/v2\/categories?post=105364"},{"taxonomy":"post_tag","embeddable":true,"href":"https:\/\/linitiative.ca\/International\/wp-json\/wp\/v2\/tags?post=105364"}],"curies":[{"name":"wp","href":"https:\/\/api.w.org\/{rel}","templated":true}]}}