{"id":105373,"date":"2020-11-22T06:46:13","date_gmt":"2020-11-22T11:46:13","guid":{"rendered":"https:\/\/linitiative.ca\/International\/projet-a-guergarate-une-zone-logistique-de-distribution-et-de-commerce-sur-30-hectares\/"},"modified":"2020-11-22T06:46:13","modified_gmt":"2020-11-22T11:46:13","slug":"projet-a-guergarate-une-zone-logistique-de-distribution-et-de-commerce-sur-30-hectares","status":"publish","type":"post","link":"https:\/\/linitiative.ca\/International\/projet-a-guergarate-une-zone-logistique-de-distribution-et-de-commerce-sur-30-hectares\/","title":{"rendered":"Projet \u00e0 Guergarate : Une zone logistique, de distribution et de commerce sur 30 hectares"},"content":{"rendered":"<header>\n<\/header>\n<div class=\"entry-content clearfix\" readability=\"40\"><img decoding=\"async\" class=\"post_layout_5_img\" src=\"http:\/\/aujourdhui.ma\/wp-content\/uploads\/2020\/11\/Passage-Guergarate.jpg\" alt=\"Projet &#xE0; Guergarate : Une zone logistique, de distribution et de commerce sur 30 hectares\"\/><\/p>\n<p><span class=\"c6\"><span class=\"c5\"><strong>La R\u00e9gion de Dakhla Oued Eddahab a lanc\u00e9 un projet pour la r\u00e9alisation de 2 zones logistiques de 30 hectares chacune \u00e0 Bir Gandouz et Guergarate.<\/strong><\/span><span id=\"more-361116\"\/><\/span><\/p>\n<p>Pour cette derni\u00e8re, le site consistera en une partie de 15 ha d\u00e9di\u00e9e \u00e0 des plateformes logistiques et une autre de 15 ha r\u00e9serv\u00e9e \u00e0 des activit\u00e9s industrielles et commerciales. La zone sera ouverte aux investisseurs priv\u00e9s. Selon les premi\u00e8res estimations, le projet pourrait n\u00e9cessiter un investissement d\u2019environ 60 MDH.<\/p>\n<\/div>\n<p>Auteur: ALM<br \/>\n<a href=\"https:\/\/aujourdhui.ma\/actualite\/projet-a-guergarate-une-zone-logistique-de-distribution-et-de-commerce-sur-30-hectares\">Cliquez ici pour lire l&rsquo;article depuis sa source.<\/a><\/p>\n","protected":false},"excerpt":{"rendered":"<p>La R\u00e9gion de Dakhla Oued Eddahab a lanc\u00e9 un projet pour la r\u00e9alisation de 2 zones logistiques de 30 hectares chacune \u00e0 Bir Gandouz et Guergarate. Pour cette derni\u00e8re, le site consistera en une partie de 15 ha d\u00e9di\u00e9e \u00e0 des plateformes logistiques et une autre de 15 ha r\u00e9serv\u00e9e \u00e0 des activit\u00e9s industrielles et [&hellip;]<\/p>\n","protected":false},"author":1759,"featured_media":105374,"comment_status":"closed","ping_status":"closed","sticky":false,"template":"","format":"standard","meta":{"fifu_image_url":"","fifu_image_alt":"","footnotes":""},"categories":[73,54],"tags":[],"class_list":["post-105373","post","type-post","status-publish","format-standard","has-post-thumbnail","hentry","category-actualite","category-maroc"],"_links":{"self":[{"href":"https:\/\/linitiative.ca\/International\/wp-json\/wp\/v2\/posts\/105373","targetHints":{"allow":["GET"]}}],"collection":[{"href":"https:\/\/linitiative.ca\/International\/wp-json\/wp\/v2\/posts"}],"about":[{"href":"https:\/\/linitiative.ca\/International\/wp-json\/wp\/v2\/types\/post"}],"author":[{"embeddable":true,"href":"https:\/\/linitiative.ca\/International\/wp-json\/wp\/v2\/users\/1759"}],"replies":[{"embeddable":true,"href":"https:\/\/linitiative.ca\/International\/wp-json\/wp\/v2\/comments?post=105373"}],"version-history":[{"count":0,"href":"https:\/\/linitiative.ca\/International\/wp-json\/wp\/v2\/posts\/105373\/revisions"}],"wp:featuredmedia":[{"embeddable":true,"href":"https:\/\/linitiative.ca\/International\/wp-json\/"}],"wp:attachment":[{"href":"https:\/\/linitiative.ca\/International\/wp-json\/wp\/v2\/media?parent=105373"}],"wp:term":[{"taxonomy":"category","embeddable":true,"href":"https:\/\/linitiative.ca\/International\/wp-json\/wp\/v2\/categories?post=105373"},{"taxonomy":"post_tag","embeddable":true,"href":"https:\/\/linitiative.ca\/International\/wp-json\/wp\/v2\/tags?post=105373"}],"curies":[{"name":"wp","href":"https:\/\/api.w.org\/{rel}","templated":true}]}}