{"id":105379,"date":"2020-11-22T08:46:48","date_gmt":"2020-11-22T13:46:48","guid":{"rendered":"https:\/\/linitiative.ca\/International\/%ef%bb%bfla-commission-de-politique-etrangere-soutient-lintervention-du-maroc\/"},"modified":"2020-11-22T08:46:48","modified_gmt":"2020-11-22T13:46:48","slug":"%ef%bb%bfla-commission-de-politique-etrangere-soutient-lintervention-du-maroc","status":"publish","type":"post","link":"https:\/\/linitiative.ca\/International\/%ef%bb%bfla-commission-de-politique-etrangere-soutient-lintervention-du-maroc\/","title":{"rendered":"\ufeffLa Commission de politique \u00e9trang\u00e8re soutient l\u2019intervention du Maroc"},"content":{"rendered":"<p class=\"has-text-color has-vivid-red-color c2\"><strong>Parlement v\u00e9n\u00e9zu\u00e9lien<\/strong><\/p>\n<p class=\"has-text-color c3\"><strong>La Commission permanente de la politique \u00e9trang\u00e8re, de la souverainet\u00e9 et de l\u2019int\u00e9gration \u00e0 l\u2019Assembl\u00e9e nationale du Venezuela a exprim\u00e9 son soutien \u00e0 l\u2019intervention du Maroc \u00e0 El Guerguerat, qui a permis de r\u00e9tablir la circulation et les flux commerciaux, qui \u00e9taient bloqu\u00e9s pendant trois semaines par les milices du \u00abpolisario\u00bb.<\/strong><\/p>\n<p>\u00abNous exprimons notre soutien au Royaume du Maroc dans son intervention pacifique pour mettre fin au blocage par les milices du polisario du poste fronti\u00e8re d\u2019El Guerguerat, dans le sud du Maroc \u00e0 la fronti\u00e8re avec la Mauritanie\u00bb, a indiqu\u00e9 la Commission dans un communiqu\u00e9 sign\u00e9 par son pr\u00e9sident, Armando Armas, soulignant que l\u2019intervention a \u00e9t\u00e9 men\u00e9e \u00abdans le parfait respect de la l\u00e9galit\u00e9 internationale et des r\u00e9solutions des Nations Unies\u00bb.<\/p>\n<p>La Commission, a ajout\u00e9 la m\u00eame source, suit \u00abavec pr\u00e9occupation les graves actes et provocations men\u00e9s par les milices du polisario \u00e0 El Guerguerat, dans l\u2019objectif de perturber la libre circulation civile et commerciale, sans respect aucun au personnel de la MINURSO.<\/p>\n<p>Selon le communiqu\u00e9, ces actes \u00abrepr\u00e9sentent un m\u00e9pris aux r\u00e9solutions approuv\u00e9es par le Conseil de s\u00e9curit\u00e9 des Nations unies et aux appels du secr\u00e9taire g\u00e9n\u00e9ral de l\u2019ONU et de la communaut\u00e9 internationale.<\/p>\n<p>Par ailleurs, la Commission a r\u00e9it\u00e9r\u00e9 sa \u00abcondamnation du soutien du r\u00e9gime chaviste ill\u00e9gitime aux s\u00e9paratistes du polisario, se dressant ainsi, comme \u00e0 son accoutum\u00e9, du c\u00f4t\u00e9 des choix de d\u00e9stabilisation de la r\u00e9gion, au lieu d\u2019appuyer les solutions constructives et pacifiques et les efforts visant \u00e0 garantir le respect des principes du droit international\u00bb.<\/p>\n<p>La Commission a \u00e9galement appel\u00e9 \u00e0 \u00abune solution politique, d\u00e9finitive, r\u00e9aliste et durable\u00bb au conflit artificiel autour du Sahara marocain, \u00absur la base du plan d\u2019autonomie propos\u00e9 par le Maroc\u00bb qui a \u00e9t\u00e9 qualifi\u00e9 par le Conseil de s\u00e9curit\u00e9 de l\u2019ONU de \u00abs\u00e9rieux et cr\u00e9dible\u00bb, a conclu le communiqu\u00e9.<\/p>\n<p>Auteur: M&rsquo;hammed rahal<br \/>\n<a href=\"http:\/\/albayane.press.ma\/%EF%BB%BFla-commission-de-politique-etrangere-soutient-lintervention-du-maroc.html\">Cliquez ici pour lire l&rsquo;article depuis sa source.<\/a><\/p>\n","protected":false},"excerpt":{"rendered":"<p>Parlement v\u00e9n\u00e9zu\u00e9lien La Commission permanente de la politique \u00e9trang\u00e8re, de la souverainet\u00e9 et de l\u2019int\u00e9gration \u00e0 l\u2019Assembl\u00e9e nationale du Venezuela a exprim\u00e9 son soutien \u00e0 l\u2019intervention du Maroc \u00e0 El Guerguerat, qui a permis de r\u00e9tablir la circulation et les flux commerciaux, qui \u00e9taient bloqu\u00e9s pendant trois semaines par les milices du \u00abpolisario\u00bb. \u00abNous exprimons [&hellip;]<\/p>\n","protected":false},"author":1760,"featured_media":0,"comment_status":"closed","ping_status":"closed","sticky":false,"template":"","format":"standard","meta":{"fifu_image_url":"","fifu_image_alt":"","footnotes":""},"categories":[73,54],"tags":[],"class_list":["post-105379","post","type-post","status-publish","format-standard","hentry","category-actualite","category-maroc"],"_links":{"self":[{"href":"https:\/\/linitiative.ca\/International\/wp-json\/wp\/v2\/posts\/105379","targetHints":{"allow":["GET"]}}],"collection":[{"href":"https:\/\/linitiative.ca\/International\/wp-json\/wp\/v2\/posts"}],"about":[{"href":"https:\/\/linitiative.ca\/International\/wp-json\/wp\/v2\/types\/post"}],"author":[{"embeddable":true,"href":"https:\/\/linitiative.ca\/International\/wp-json\/wp\/v2\/users\/1760"}],"replies":[{"embeddable":true,"href":"https:\/\/linitiative.ca\/International\/wp-json\/wp\/v2\/comments?post=105379"}],"version-history":[{"count":0,"href":"https:\/\/linitiative.ca\/International\/wp-json\/wp\/v2\/posts\/105379\/revisions"}],"wp:attachment":[{"href":"https:\/\/linitiative.ca\/International\/wp-json\/wp\/v2\/media?parent=105379"}],"wp:term":[{"taxonomy":"category","embeddable":true,"href":"https:\/\/linitiative.ca\/International\/wp-json\/wp\/v2\/categories?post=105379"},{"taxonomy":"post_tag","embeddable":true,"href":"https:\/\/linitiative.ca\/International\/wp-json\/wp\/v2\/tags?post=105379"}],"curies":[{"name":"wp","href":"https:\/\/api.w.org\/{rel}","templated":true}]}}