{"id":105380,"date":"2020-11-22T08:50:56","date_gmt":"2020-11-22T13:50:56","guid":{"rendered":"https:\/\/linitiative.ca\/International\/le-dessein-commun-du-grand-maghreb\/"},"modified":"2020-11-22T08:50:56","modified_gmt":"2020-11-22T13:50:56","slug":"le-dessein-commun-du-grand-maghreb","status":"publish","type":"post","link":"https:\/\/linitiative.ca\/International\/le-dessein-commun-du-grand-maghreb\/","title":{"rendered":"Le dessein commun du grand Maghreb !"},"content":{"rendered":"<p class=\"has-text-color c2\"><strong>La question du Sahara marocain est en passe de franchir une phase d\u00e9cisive de son parcours de longue haleine. Le coup de ma\u00eetre que notre pays vient de faire conc\u00e9der aux ennemis de la cause nationale d\u00e9note d\u2019une forte le\u00e7on de haute maturit\u00e9 diplomatique.<\/strong><\/p>\n<p>Eu \u00e9gard cette panoplie d\u2019agr\u00e9ments qu\u2019elle ne cesse de glaner, un peu partout sur la sc\u00e8ne plan\u00e9taire, notre nation, toute aur\u00e9ol\u00e9e de ses prouesses, met \u00e0 genoux ses ren\u00e9gats, d\u00e9sormais accul\u00e9s au pied du mur. En plus du ramassis de brigands qui tentent vainement de faire le pitre sur la zone tampon, son parrain de l\u2019est se met \u00e0 \u00a0mordre de la poussi\u00e8re, une fois de plus, par cette nouvelle d\u00e9culott\u00e9e, ass\u00e9n\u00e9e de plein fouet.<\/p>\n<p>De surcro\u00eet, l\u2019avalanche des antennes consulaires qui fuse de toutes parts sur les provinces du sud, sonne le glas dans le camp hostile, \u00e9chevel\u00e9 et litt\u00e9ralement d\u00e9sar\u00e7onn\u00e9.<\/p>\n<p>Au c\u0153ur de ces affluents de consentement spontan\u00e9, on aura \u00e9galement appr\u00e9ci\u00e9 ce tour magistral du Roi, par ce coup de fil annonciateur d\u2019une imminente visite Royale en terre mauritanienne. Une pinc\u00e9e de clairvoyance majestueuse dont seul un g\u00e9nie de noble sagesse de la trempe du Souverain, serait en mesure de faire montre.<\/p>\n<p>On ira aussi se r\u00e9jouir des propos \u00e9logieux envers ce pays d\u2019exception, tel que les termes fringants que vient d\u2019exprimer un certain Manuel Valls, ancien premier ministre de l\u2019Hexagone, \u00e0 un m\u00e9dia ib\u00e9rique. Tout en fustigeant \u00e0 la fois la position de l\u2019alli\u00e9 minoritaire de la coalition de l\u2019ex\u00e9cutif espagnol, qualifi\u00e9e d\u2019\u00abirresponsable\u00bb \u00e0 l\u2019adresse de l\u2019int\u00e9grit\u00e9 territoriale et l\u2019attitude perverse des s\u00e9cessionnistes, par \u00ableur implication dans le trafic de drogue, d\u2019\u00eatres humains et d\u2019armes\u00a0 au Sahel\u00bb, le diplomate fran\u00e7ais n\u2019a pas manqu\u00e9 de gratifier notre pays de pr\u00e9\u00e9minence, en termes de combat contre le terrorisme et la radicalisation dans la r\u00e9gion.<\/p>\n<p>La politique h\u00e9g\u00e9monique et expansionniste que pr\u00f4ne la junte autocratique, en semant la discorde et l\u2019animosit\u00e9, \u00e0 travers l\u2019appui de groupuscules sanguinaires sur cette zone en poudri\u00e8re, est dor\u00e9navant clou\u00e9e au pilori. A priori, on ne peut ind\u00e9finiment verser dans le leurre et l\u2019imposture sans que le masque ne soit tomb\u00e9, \u00e0 la longue. Le Maroc a toujours \u00e9t\u00e9 un havre de tol\u00e9rance et de cohabitation, depuis des si\u00e8cles. Il continuera \u00e0 l\u2019\u00eatre, sans tr\u00eave, en d\u00e9pit d\u2019immondes turpitudes du mauvais voisinage dont fait preuve la horde militariste \u00e0 laquelle l\u2019histoire aura inflig\u00e9 de cuisants revers pour son approche haineuse en direction de pays frontalier qui lui a traditionnellement tendu la main fraternelle.<\/p>\n<p>L\u2019\u00e8re des chim\u00e8res des r\u00e9publiques banni\u00e8res est bien r\u00e9volue, \u00e0 la grande solde des alliances fond\u00e9es sur la mutualisation socio-\u00e9conomique et non la s\u00e9cession p\u00e9rilleuse et porteuse des d\u00e9lits de banditisme et de piraterie. Pourvu que les voisins s\u2019en soient assez rendus \u00e0 l\u2019\u00e9vidence, soient remis de leur mirage estomp\u00e9 et, enfin \u00a0r\u00e9pondent \u00e0 la main tendue pour une union maghr\u00e9bine forte, solidaire et \u00e9difiante.<\/p>\n<p>Auteur: M&rsquo;hammed rahal<br \/>\n<a href=\"http:\/\/albayane.press.ma\/le-dessein-commun-du-grand-maghreb.html\">Cliquez ici pour lire l&rsquo;article depuis sa source.<\/a><\/p>\n","protected":false},"excerpt":{"rendered":"<p>La question du Sahara marocain est en passe de franchir une phase d\u00e9cisive de son parcours de longue haleine. Le coup de ma\u00eetre que notre pays vient de faire conc\u00e9der aux ennemis de la cause nationale d\u00e9note d\u2019une forte le\u00e7on de haute maturit\u00e9 diplomatique. Eu \u00e9gard cette panoplie d\u2019agr\u00e9ments qu\u2019elle ne cesse de glaner, un [&hellip;]<\/p>\n","protected":false},"author":1760,"featured_media":0,"comment_status":"closed","ping_status":"closed","sticky":false,"template":"","format":"standard","meta":{"fifu_image_url":"","fifu_image_alt":"","footnotes":""},"categories":[73,54],"tags":[],"class_list":["post-105380","post","type-post","status-publish","format-standard","hentry","category-actualite","category-maroc"],"_links":{"self":[{"href":"https:\/\/linitiative.ca\/International\/wp-json\/wp\/v2\/posts\/105380","targetHints":{"allow":["GET"]}}],"collection":[{"href":"https:\/\/linitiative.ca\/International\/wp-json\/wp\/v2\/posts"}],"about":[{"href":"https:\/\/linitiative.ca\/International\/wp-json\/wp\/v2\/types\/post"}],"author":[{"embeddable":true,"href":"https:\/\/linitiative.ca\/International\/wp-json\/wp\/v2\/users\/1760"}],"replies":[{"embeddable":true,"href":"https:\/\/linitiative.ca\/International\/wp-json\/wp\/v2\/comments?post=105380"}],"version-history":[{"count":0,"href":"https:\/\/linitiative.ca\/International\/wp-json\/wp\/v2\/posts\/105380\/revisions"}],"wp:attachment":[{"href":"https:\/\/linitiative.ca\/International\/wp-json\/wp\/v2\/media?parent=105380"}],"wp:term":[{"taxonomy":"category","embeddable":true,"href":"https:\/\/linitiative.ca\/International\/wp-json\/wp\/v2\/categories?post=105380"},{"taxonomy":"post_tag","embeddable":true,"href":"https:\/\/linitiative.ca\/International\/wp-json\/wp\/v2\/tags?post=105380"}],"curies":[{"name":"wp","href":"https:\/\/api.w.org\/{rel}","templated":true}]}}