{"id":105381,"date":"2020-11-22T08:56:13","date_gmt":"2020-11-22T13:56:13","guid":{"rendered":"https:\/\/linitiative.ca\/International\/reunion-entre-le-pps-et-le-centre-marocain-pour-la-diplomatie-et-le-dialogue-des-civilisations\/"},"modified":"2020-11-22T08:56:13","modified_gmt":"2020-11-22T13:56:13","slug":"reunion-entre-le-pps-et-le-centre-marocain-pour-la-diplomatie-et-le-dialogue-des-civilisations","status":"publish","type":"post","link":"https:\/\/linitiative.ca\/International\/reunion-entre-le-pps-et-le-centre-marocain-pour-la-diplomatie-et-le-dialogue-des-civilisations\/","title":{"rendered":"R\u00e9union entre le PPS et le Centre marocain pour la diplomatie et le dialogue des civilisations"},"content":{"rendered":"<p class=\"has-text-color has-vivid-red-color c2\"><strong>Au si\u00e8ge national du PPS \u00e0 Rabat<\/strong><\/p>\n<p class=\"has-text-color has-vivid-cyan-blue-color\"><strong>Le secr\u00e9taire g\u00e9n\u00e9ral du Parti du progr\u00e8s et du socialisme, Mohamed Nabil Benabdallah, a tenu, vendredi 20 novembre 2020 au si\u00e8ge national du parti, \u00a0une r\u00e9union consultative avec des experts du Centre marocain pour la diplomatie parall\u00e8le et du dialogue des civilisations, afin d\u2019approfondir le d\u00e9bat s\u00e9rieux et responsable sur les d\u00e9veloppements de la question du Sahara.<\/strong><\/p>\n<p class=\"has-text-color has-vivid-cyan-blue-color\"><strong>Au d\u00e9but de la r\u00e9union, les membres du Centre marocain pour la diplomatie parall\u00e8le et le dialogue des civilisations ont salu\u00e9 le suivi quotidien et r\u00e9gulier du Parti et de ses nombreuses positions visant \u00e0 d\u00e9fendre la question du Sahara, au niveau de toutes ses structures et organisations parall\u00e8les.<\/strong><\/p>\n<p class=\"has-text-color has-vivid-cyan-blue-color\"><strong>Dans ce contexte, les deux parties ont discut\u00e9 plusieurs points qui traduisent un changement structurel dans l\u2019\u00e9volution du dossier du Sahara, dont le plus important est, sans doute, le large soutien international pour la proposition marocaine d\u2019autonomie saharienne.<\/strong><\/p>\n<p class=\"has-text-color has-vivid-cyan-blue-color\"><strong>La r\u00e9union a \u00e9t\u00e9 cl\u00f4tur\u00e9e par la mise en place d\u2019un programme int\u00e9gr\u00e9 visant \u00e0 organiser une batterie de projets et d\u2019activit\u00e9s li\u00e9s \u00e0 la cause nationale.<\/strong><\/p>\n<p>Auteur: M&rsquo;hammed rahal<br \/>\n<a href=\"http:\/\/albayane.press.ma\/reunion-entre-le-pps-et-le-centre-marocain-pour-la-diplomatie-et-le-dialogue-des-civilisations.html\">Cliquez ici pour lire l&rsquo;article depuis sa source.<\/a><\/p>\n","protected":false},"excerpt":{"rendered":"<p>Au si\u00e8ge national du PPS \u00e0 Rabat Le secr\u00e9taire g\u00e9n\u00e9ral du Parti du progr\u00e8s et du socialisme, Mohamed Nabil Benabdallah, a tenu, vendredi 20 novembre 2020 au si\u00e8ge national du parti, \u00a0une r\u00e9union consultative avec des experts du Centre marocain pour la diplomatie parall\u00e8le et du dialogue des civilisations, afin d\u2019approfondir le d\u00e9bat s\u00e9rieux et [&hellip;]<\/p>\n","protected":false},"author":1760,"featured_media":0,"comment_status":"closed","ping_status":"closed","sticky":false,"template":"","format":"standard","meta":{"fifu_image_url":"","fifu_image_alt":"","footnotes":""},"categories":[73,54],"tags":[],"class_list":["post-105381","post","type-post","status-publish","format-standard","hentry","category-actualite","category-maroc"],"_links":{"self":[{"href":"https:\/\/linitiative.ca\/International\/wp-json\/wp\/v2\/posts\/105381","targetHints":{"allow":["GET"]}}],"collection":[{"href":"https:\/\/linitiative.ca\/International\/wp-json\/wp\/v2\/posts"}],"about":[{"href":"https:\/\/linitiative.ca\/International\/wp-json\/wp\/v2\/types\/post"}],"author":[{"embeddable":true,"href":"https:\/\/linitiative.ca\/International\/wp-json\/wp\/v2\/users\/1760"}],"replies":[{"embeddable":true,"href":"https:\/\/linitiative.ca\/International\/wp-json\/wp\/v2\/comments?post=105381"}],"version-history":[{"count":0,"href":"https:\/\/linitiative.ca\/International\/wp-json\/wp\/v2\/posts\/105381\/revisions"}],"wp:attachment":[{"href":"https:\/\/linitiative.ca\/International\/wp-json\/wp\/v2\/media?parent=105381"}],"wp:term":[{"taxonomy":"category","embeddable":true,"href":"https:\/\/linitiative.ca\/International\/wp-json\/wp\/v2\/categories?post=105381"},{"taxonomy":"post_tag","embeddable":true,"href":"https:\/\/linitiative.ca\/International\/wp-json\/wp\/v2\/tags?post=105381"}],"curies":[{"name":"wp","href":"https:\/\/api.w.org\/{rel}","templated":true}]}}