{"id":105382,"date":"2020-11-22T09:00:04","date_gmt":"2020-11-22T14:00:04","guid":{"rendered":"https:\/\/linitiative.ca\/International\/benchaaboun-le-depassement-de-la-regle-dor-est-temporaire\/"},"modified":"2020-11-22T09:00:04","modified_gmt":"2020-11-22T14:00:04","slug":"benchaaboun-le-depassement-de-la-regle-dor-est-temporaire","status":"publish","type":"post","link":"https:\/\/linitiative.ca\/International\/benchaaboun-le-depassement-de-la-regle-dor-est-temporaire\/","title":{"rendered":"Bencha\u00e2boun: Le \u00abd\u00e9passement\u00bb de la r\u00e8gle d\u2019or est \u00abtemporaire\u00bb"},"content":{"rendered":"<p class=\"has-text-color has-vivid-red-color c2\"><strong>Finances publiques<\/strong><\/p>\n<p class=\"has-text-color c3\"><strong>Le \u00abd\u00e9passement\u00bb durant cette ann\u00e9e de la r\u00e8gle d\u2019or, consistant \u00e0 lier l\u2019endettement aux d\u00e9penses d\u2019investissement et orienter les recettes fiscales et non fiscales vers le financement des d\u00e9penses courantes, est \u00abtemporaire\u00bb et \u00abexceptionnel, a soulign\u00e9, vendredi \u00e0 Rabat, le ministre de l\u2019Economie, des finances et de la r\u00e9forme de l\u2019administration, Mohamed Bencha\u00e2boun.<\/strong><\/p>\n<p>\u00abPour pr\u00e9server le niveau des interventions du Budget g\u00e9n\u00e9ral de l\u2019Etat, en d\u00e9pit des efforts d\u00e9ploy\u00e9s pour mobiliser des ressources suppl\u00e9mentaires que \u00e7a soit \u00e0 travers le Fonds sp\u00e9cial pour la gestion du covid-19 ou via les mesures pr\u00e9vues dans le projet de loi de finance (PLF) de 2021, il a \u00e9t\u00e9 n\u00e9cessaire de recourir \u00e0 des ressources d\u2019endettement additionnelles afin de pallier le manque des ressources propres, ce qui a provoqu\u00e9 un d\u00e9passement exceptionnel du principe de la r\u00e8gle d\u2019or budg\u00e9taire\u00bb, a expliqu\u00e9 M. Bencha\u00e2boun dans sa r\u00e9ponse aux interventions \u00e0 la Commission des finances, de la planification et du d\u00e9veloppement \u00e9conomique relevant de la Chambre des Conseillers, lors de la discussion g\u00e9n\u00e9rale du PLF-2021.<\/p>\n<p>\u00abEffectivement, cette r\u00e8gle d\u2019or a \u00e9t\u00e9 respect\u00e9e depuis 2016 jusqu\u2019\u00e0 2019. Elle a \u00e9t\u00e9 m\u00eame respect\u00e9e, d\u2019une mani\u00e8re proactive, d\u00e8s 2014, bien avant l\u2019entr\u00e9e en vigueur de la LOF, puisque les donn\u00e9es disponibles, aussi bien au niveau des pr\u00e9visions que des r\u00e9alisations, font \u00e9tat de r\u00e9sultats positifs en mati\u00e8re de l\u2019indicateur de l\u2019\u00e9pargne publique qui d\u00e9gage un exc\u00e9dent des recettes ordinaires sur les d\u00e9penses courantes\u00bb, a relev\u00e9 M. Bencha\u00e2boun, notant que cet indicateur est pass\u00e9 de 5,3 MMDH en 2014 \u00e0 26,5 MMDH en 2019.<\/p>\n<p>Et de rappeler que le principe de la r\u00e8gle d\u2019or, qui figure parmi les dispositions de la loi organique relative \u00e0 la loi de finance (LOF), a pour objectif de ma\u00eetriser le d\u00e9veloppement de l\u2019endettement au regard de ses risques.<\/p>\n<p>Au d\u00e9but de cette ann\u00e9e, a-t-il poursuivi, les r\u00e9percussions de la pand\u00e9mie du nouveau coronavirus (covid-19) sur les plans sanitaire, \u00e9conomique et social, ainsi que les mesures mises en place pour limiter les impacts de cette crise sur les familles et les entreprises ont eu un effet consid\u00e9rable sur la situation des finances publiques.<\/p>\n<p>Ainsi, les recettes fiscales ont recul\u00e9, par rapport \u00e0 2019, d\u2019environ 40 milliards de dirhams (MMDH) en 2020 et de pr\u00e8s de 16,4 MMDH au titre du PLF-2021, a indiqu\u00e9 M. Bencha\u00e2boun.<\/p>\n<p>Auteur: M&rsquo;hammed rahal<br \/>\n<a href=\"http:\/\/albayane.press.ma\/benchaaboun-le-depassement-de-la-regle-dor-est-temporaire.html\">Cliquez ici pour lire l&rsquo;article depuis sa source.<\/a><\/p>\n","protected":false},"excerpt":{"rendered":"<p>Finances publiques Le \u00abd\u00e9passement\u00bb durant cette ann\u00e9e de la r\u00e8gle d\u2019or, consistant \u00e0 lier l\u2019endettement aux d\u00e9penses d\u2019investissement et orienter les recettes fiscales et non fiscales vers le financement des d\u00e9penses courantes, est \u00abtemporaire\u00bb et \u00abexceptionnel, a soulign\u00e9, vendredi \u00e0 Rabat, le ministre de l\u2019Economie, des finances et de la r\u00e9forme de l\u2019administration, Mohamed Bencha\u00e2boun. [&hellip;]<\/p>\n","protected":false},"author":1760,"featured_media":0,"comment_status":"closed","ping_status":"closed","sticky":false,"template":"","format":"standard","meta":{"fifu_image_url":"","fifu_image_alt":"","footnotes":""},"categories":[73,54],"tags":[],"class_list":["post-105382","post","type-post","status-publish","format-standard","hentry","category-actualite","category-maroc"],"_links":{"self":[{"href":"https:\/\/linitiative.ca\/International\/wp-json\/wp\/v2\/posts\/105382","targetHints":{"allow":["GET"]}}],"collection":[{"href":"https:\/\/linitiative.ca\/International\/wp-json\/wp\/v2\/posts"}],"about":[{"href":"https:\/\/linitiative.ca\/International\/wp-json\/wp\/v2\/types\/post"}],"author":[{"embeddable":true,"href":"https:\/\/linitiative.ca\/International\/wp-json\/wp\/v2\/users\/1760"}],"replies":[{"embeddable":true,"href":"https:\/\/linitiative.ca\/International\/wp-json\/wp\/v2\/comments?post=105382"}],"version-history":[{"count":0,"href":"https:\/\/linitiative.ca\/International\/wp-json\/wp\/v2\/posts\/105382\/revisions"}],"wp:attachment":[{"href":"https:\/\/linitiative.ca\/International\/wp-json\/wp\/v2\/media?parent=105382"}],"wp:term":[{"taxonomy":"category","embeddable":true,"href":"https:\/\/linitiative.ca\/International\/wp-json\/wp\/v2\/categories?post=105382"},{"taxonomy":"post_tag","embeddable":true,"href":"https:\/\/linitiative.ca\/International\/wp-json\/wp\/v2\/tags?post=105382"}],"curies":[{"name":"wp","href":"https:\/\/api.w.org\/{rel}","templated":true}]}}