{"id":105388,"date":"2020-11-22T06:19:14","date_gmt":"2020-11-22T11:19:14","guid":{"rendered":"https:\/\/linitiative.ca\/International\/enseignement-superieur-essaouira-franchira-un-seuil-historique\/"},"modified":"2020-11-22T06:19:14","modified_gmt":"2020-11-22T11:19:14","slug":"enseignement-superieur-essaouira-franchira-un-seuil-historique","status":"publish","type":"post","link":"https:\/\/linitiative.ca\/International\/enseignement-superieur-essaouira-franchira-un-seuil-historique\/","title":{"rendered":"Enseignement sup\u00e9rieur: Essaouira franchira un seuil historique"},"content":{"rendered":"<div readability=\"37\">\n<p>Essaouira- \u00ab\u00a0Essaouira se pr\u00e9pare \u00e0 franchir un seuil historique avec la mise en place \u00e0 court et moyen terme d\u2019infrastructures universitaires et d\u2019enseignement sup\u00e9rieur d\u2019une dimension et d\u2019un niveau scientifique marqu\u00e9s du sceau de l\u2019exception\u00a0\u00bb, a d\u00e9clar\u00e9 M. Andr\u00e9 Azoulay, Conseiller de SM le Roi et Pr\u00e9sident-Fondateur de l\u2019Association Essaouira-Mogador.<\/p>\n<\/div>\n<div readability=\"73\">\n<p>S\u2019exprimant devant le 2\u00e8me Congr\u00e8s International des Territoires Innovants, organis\u00e9 par l\u2019Ecole Sup\u00e9rieure de Technologie (EST) d\u2019Essaouira, M. Azoulay a soulign\u00e9 la pertinence du th\u00e8me central de cette session, \u00ab\u00a0De l\u2019Intelligence en Ville \u00e0 la Ville Intelligente : les nouveaux paradigmes\u00a0\u00bb. Une th\u00e9matique dont le Conseiller de SM le Roi a mis en relief \u00ab\u00a0l\u2019actualit\u00e9 et la l\u00e9gitimit\u00e9 qui s\u2019imposent \u00e0 tous et particuli\u00e8rement \u00e0 la Cit\u00e9 des Aliz\u00e9s qui, il y a une trentaine d\u2019ann\u00e9es, avait fait le choix in\u00e9dit et pionnier de fonder sa renaissance sur les valeurs historiques et patrimoniales de la ville, ainsi que sur la diversit\u00e9 culturelle que les Souiris ont su inviter au banquet de la pens\u00e9e et du d\u00e9veloppement durable\u00a0\u00bb.<\/p>\n<p>Soulignant \u00ab\u00a0l\u2019impressionnante densit\u00e9 de l\u2019agenda de ce Congr\u00e8s et la qualit\u00e9 des intervenants mobilis\u00e9s par l\u2019EST et l\u2019Universit\u00e9 Cadi Ayyad de Marrakech, M. Azoulay a mis en perspective les grandes lignes du paysage universitaire d\u2019Essaouira demain, dont l\u2019ampleur et le calendrier se sont pr\u00e9cis\u00e9s et confirm\u00e9s ces derni\u00e8res semaines.<\/p>\n<p>\u00ab\u00a02021 sera une ann\u00e9e charni\u00e8re avec la cr\u00e9ation d\u2019un cycle de classes pr\u00e9paratoires aux grandes \u00e9coles, la mise en place d\u2019une Ecole Sup\u00e9rieure des Arts, de l\u2019Ing\u00e9nierie Culturelle et des M\u00e9tiers de l\u2019Ev\u00e9nementiel et l\u2019\u00e9largissement de l\u2019EST souirie aux disciplines de l\u2019ing\u00e9nierie\u00a0\u00bb, a d\u00e9clar\u00e9 le Conseiller de SM le Roi, en saluant la mobilisation du Minist\u00e8re de l\u2019Education nationale, de la Formation professionnelle, de l\u2019Enseignement sup\u00e9rieur et de la Recherche scientifique, de la R\u00e9gion de Marrakech-Safi et de la Province d\u2019Essaouira.<\/p>\n<p>\u00ab\u00a0Ce momentum, qui s\u2019inscrit dans la dynamique n\u00e9e de la visite historique de SM le Roi en janvier 2020, \u00e9tait esp\u00e9r\u00e9 et attendu depuis des dizaines d\u2019ann\u00e9es par les Souiris, qui voient dans cette perc\u00e9e historique une \u00e9tape majeure et riche de promesses pour les g\u00e9n\u00e9rations montantes dans la Cit\u00e9 et dans la Province\u00a0\u00bb, a soulign\u00e9 le Conseiller de SM le Roi, avant de conclure sur les \u00ab\u00a0progr\u00e8s d\u00e9cisifs enregistr\u00e9s ces derni\u00e8res semaines pour la cr\u00e9ation de la future Universit\u00e9 Internationale d\u2019Essaouira, fruit de l\u2019engagement et de la d\u00e9termination de la Pr\u00e9sidence de la R\u00e9gion Marrakech-Safi, acteur d\u00e9cisif et central de ce projet qui va profond\u00e9ment changer, consolider et \u00e9largir pour demain les atouts et les chances d\u2019Essaouira-Mogador\u00a0\u00bb.<\/p>\n<\/div>\n<p>Auteur: Mohammed KOURSI<br \/>\n<a href=\"http:\/\/www.mapmarrakech.ma\/fr\/enseignement-superieur-essaouira-va-franchir-un-seuil-historique\/\">Cliquez ici pour lire l&rsquo;article depuis sa source.<\/a><\/p>\n","protected":false},"excerpt":{"rendered":"<p>Essaouira- \u00ab\u00a0Essaouira se pr\u00e9pare \u00e0 franchir un seuil historique avec la mise en place \u00e0 court et moyen terme d\u2019infrastructures universitaires et d\u2019enseignement sup\u00e9rieur d\u2019une dimension et d\u2019un niveau scientifique marqu\u00e9s du sceau de l\u2019exception\u00a0\u00bb, a d\u00e9clar\u00e9 M. Andr\u00e9 Azoulay, Conseiller de SM le Roi et Pr\u00e9sident-Fondateur de l\u2019Association Essaouira-Mogador. S\u2019exprimant devant le 2\u00e8me Congr\u00e8s [&hellip;]<\/p>\n","protected":false},"author":1788,"featured_media":0,"comment_status":"closed","ping_status":"closed","sticky":false,"template":"","format":"standard","meta":{"fifu_image_url":"","fifu_image_alt":"","footnotes":""},"categories":[54,76],"tags":[],"class_list":["post-105388","post","type-post","status-publish","format-standard","hentry","category-maroc","category-regions"],"_links":{"self":[{"href":"https:\/\/linitiative.ca\/International\/wp-json\/wp\/v2\/posts\/105388","targetHints":{"allow":["GET"]}}],"collection":[{"href":"https:\/\/linitiative.ca\/International\/wp-json\/wp\/v2\/posts"}],"about":[{"href":"https:\/\/linitiative.ca\/International\/wp-json\/wp\/v2\/types\/post"}],"author":[{"embeddable":true,"href":"https:\/\/linitiative.ca\/International\/wp-json\/wp\/v2\/users\/1788"}],"replies":[{"embeddable":true,"href":"https:\/\/linitiative.ca\/International\/wp-json\/wp\/v2\/comments?post=105388"}],"version-history":[{"count":0,"href":"https:\/\/linitiative.ca\/International\/wp-json\/wp\/v2\/posts\/105388\/revisions"}],"wp:attachment":[{"href":"https:\/\/linitiative.ca\/International\/wp-json\/wp\/v2\/media?parent=105388"}],"wp:term":[{"taxonomy":"category","embeddable":true,"href":"https:\/\/linitiative.ca\/International\/wp-json\/wp\/v2\/categories?post=105388"},{"taxonomy":"post_tag","embeddable":true,"href":"https:\/\/linitiative.ca\/International\/wp-json\/wp\/v2\/tags?post=105388"}],"curies":[{"name":"wp","href":"https:\/\/api.w.org\/{rel}","templated":true}]}}