{"id":105389,"date":"2020-11-22T06:26:44","date_gmt":"2020-11-22T11:26:44","guid":{"rendered":"https:\/\/linitiative.ca\/International\/bayt-dakira-un-temple-dhistoire-refletant-une-memoire-commune\/"},"modified":"2020-11-22T06:26:44","modified_gmt":"2020-11-22T11:26:44","slug":"bayt-dakira-un-temple-dhistoire-refletant-une-memoire-commune","status":"publish","type":"post","link":"https:\/\/linitiative.ca\/International\/bayt-dakira-un-temple-dhistoire-refletant-une-memoire-commune\/","title":{"rendered":"Bayt Dakira, un temple d\u2019histoire refl\u00e9tant une m\u00e9moire commune"},"content":{"rendered":"<div readability=\"41\">\n<p>Essaouira- Le ministre de l\u2019Education Nationale, de la Formation professionnelle, de l\u2019Enseignement sup\u00e9rieur et de la Recherche scientifique, M. Saaid Amzazi a affirm\u00e9, samedi \u00e0 Essaouira, que \u00ab\u00a0Bayt Dakira\u00a0\u00bb constitue un temple d\u2019histoire qui refl\u00e8te un riche patrimoine et une m\u00e9moire commune, tout en saluant les initiatives ayant \u00e9t\u00e9 entreprises pour la mise en \u0153uvre de cet Espace.<\/p>\n<\/div>\n<div readability=\"189\">\n<p>\u00ab\u00a0Notre m\u00e9moire est une m\u00e9moire plurielle qui est le fruit de cette diversit\u00e9 culturelle. Aujourd\u2019hui, le Maroc peut se r\u00e9jouir de cette richesse gr\u00e2ce \u00e0 laquelle le Royaume se distingue et fait l\u2019exception parmi les pays arabo-musulmans\u00a0\u00bb, a soutenu M. Amzazi, qui s\u2019exprimait \u00e0 l\u2019occasion de la c\u00e9r\u00e9monie de signature, \u00e0 \u00ab\u00a0Bayt Dakira\u00a0\u00bb, d\u2019une convention de partenariat et de coop\u00e9ration entre le minist\u00e8re, le Centre d\u2019Etudes et de Recherches sur le Droit H\u00e9bra\u00efque au Maroc et l\u2019Association\u00a0Essaouira-Mogador, en vue de la promotion des valeurs de tol\u00e9rance, de diversit\u00e9 et de coexistence au sein des \u00e9tablissements scolaires et universitaires.<\/p>\n<p>\u00ab\u00a0Ce temple d\u2019histoire et de m\u00e9moire demeure un patrimoine de tous les Marocains\u00a0\u00bb, a-t-il encha\u00een\u00e9.<\/p>\n<p>Et le ministre d\u2019ajouter que gr\u00e2ce \u00e0 de telles initiatives, les g\u00e9n\u00e9rations montantes conna\u00eetront davantage l\u2019Histoire de leur pays, qui va leur inculquer les valeurs de tol\u00e9rance, d\u2019amour, de cohabitation, de s\u00e9r\u00e9nit\u00e9 et de vivre-ensemble.<\/p>\n<p>M. Amzazi a, en outre, fait savoir que dans le cadre du renouvellement r\u00e9gulier des curriculums et sous l\u2019impulsion de Sa Majest\u00e9 le Roi Mohammed VI, le minist\u00e8re a men\u00e9 une r\u00e9vision dans ce sens, dont la plus r\u00e9cente, men\u00e9e l\u2019ann\u00e9e derni\u00e8re, a permis de revisiter les cours et manuels d\u2019histoire du programme des 5\u00e8 et 6\u00e8 ann\u00e9es du cycle primaire.<\/p>\n<p>\u00ab\u00a0Nous avons ainsi introduit ce cha\u00eenon manquant de notre Histoire, en alignement parfait et en conformit\u00e9 totale avec la Constitution du Royaume\u00a0\u00bb, a-t-il expliqu\u00e9, notant que SM le Roi Mohammed VI accorde une importance consid\u00e9rable \u00e0 faire du Maroc \u00ab\u00a0une terre de paix et de tol\u00e9rance\u00a0\u00bb, o\u00f9 les diff\u00e9rentes communaut\u00e9s peuvent cohabiter dans une s\u00e9r\u00e9nit\u00e9 parfaite.<\/p>\n<p>Evoquant la Convention de partenariat, le ministre a estim\u00e9 qu\u2019elle va consacrer une nouvelle approche de ce vivre-ensemble, puisqu\u2019elle permettra aux \u00e9l\u00e8ves et \u00e9tudiants de venir visiter \u00ab\u00a0Bayt Dakira\u00a0\u00bb, de d\u00e9couvrir et de s\u2019approprier cette Histoire qui est la leur, avant de conclure que cet acte aura, sans nul doute, des retomb\u00e9es tr\u00e8s consid\u00e9rables \u00e0 l\u2019avenir.<\/p>\n<p>Pour sa part, le pr\u00e9sident-fondateur du Centre d\u2019Etudes et de Recherches sur le Droit H\u00e9bra\u00efque au Maroc, M. Abdellah Ouzitane, a indiqu\u00e9 que \u00ab\u00a0Bayt Dakira\u00a0\u00bb se veut une \u00ab\u00a0Maison monde qui fait jaillir les plus belles lumi\u00e8res et les plus belles promesses pour un avenir davantage serein\u00a0\u00bb.<\/p>\n<p>Rappelant que \u00ab\u00a0l\u2019Histoire nous apprend en permanence \u00e0 explorer les exp\u00e9riences les plus in\u00e9dites et les plus singuli\u00e8res de notre existence\u00a0\u00bb, il a estim\u00e9 que \u00ab\u00a0notre grande responsabilit\u00e9 r\u00e9side dans la transmission, une pratique ancestrale de l\u2019humanit\u00e9 et un contrat de g\u00e9n\u00e9ration pour tenter de donner du sens \u00e0 une histoire collective enrichie par les uns vers les autres\u00a0\u00bb.<\/p>\n<p>Et de poursuivre qu\u2019\u00e0 travers cette Convention, \u00ab\u00a0une telle initiative nous permet de nous r\u00e9unir autour des valeurs qui nous rassemblent, entretiennent, \u00e9largissent et nourrissent cette dynamique du Royaume du Maroc, qui s\u2019inscrit dans la modernit\u00e9 et la diversit\u00e9 et ce, gr\u00e2ce \u00e0 la vision de SM le Roi Mohammed VI et \u00e0 Ses engagements\u00a0\u00bb.<\/p>\n<p>M. Ouzitane a affirm\u00e9 que cette c\u00e9r\u00e9monie \u00e0 \u00ab\u00a0Bayt Dakira\u00a0\u00bb permet de mettre en lumi\u00e8re \u00ab\u00a0un patrimoine national inestimable, une expression universelle, une Histoire profonde et une identit\u00e9 une et plurielle\u00a0\u00bb, notant que \u00ab\u00a0nous continuerons \u00e0 r\u00e9sister par la culture et la port\u00e9e objective de la transmission de nos valeurs et ce, malgr\u00e9 ces p\u00e9riodes troubles, car ce n\u2019est nullement un choix mais une n\u00e9cessit\u00e9 absolue\u00a0\u00bb.<\/p>\n<p>Lui embo\u00eetant le pas, le pr\u00e9sident-ex\u00e9cutif du Centre d\u2019Etudes et de Recherches sur le Droit H\u00e9bra\u00efque au Maroc, M. Farid El Bacha, a fait part de sa grande joie d\u2019\u00eatre associ\u00e9 \u00e0 ce moment historique qui se tient dans cet espace embl\u00e9matique de \u00ab\u00a0Bayt Dakira\u00a0\u00bb, porteur de messages forts, d\u2019histoire profonde et d\u2019avenir tr\u00e8s prometteur.<\/p>\n<p>Il a aussi tenu \u00e0 saluer cette initiative tr\u00e8s agissante du minist\u00e8re qui est \u00ab\u00a0le fruit d\u2019un engagement pluriel depuis des d\u00e9cennies en faveur de la cause qui nous r\u00e9unit aujourd\u2019hui\u00a0\u00bb, ajoutant qu\u2019il s\u2019agit d\u2019un acte \u00ab\u00a0pratique, concret et r\u00e9el\u00a0\u00bb et d\u2019un engagement \u00ab\u00a0soutenu et collectif\u00a0\u00bb qui auront certainement des retomb\u00e9es significatives sur le pr\u00e9sent et sur l\u2019avenir que \u00ab\u00a0nous voulons, tous, de paix, d\u2019amour et de tol\u00e9rance\u00a0\u00bb.<\/p>\n<p>Relevant la pertinence de la cr\u00e9ation du Centre, qui se veut \u00ab\u00a0une exception mondiale\u00a0\u00bb porteuse de messages tr\u00e8s forts et refl\u00e9tant \u00ab\u00a0le Maroc de tous les possibles\u00a0\u00bb, M. El Bacha a soulign\u00e9 que c\u2019est une exception qui doit \u00eatre valoris\u00e9e et pr\u00e9serv\u00e9e.<\/p>\n<p>Et de conclure que cette Convention de partenariat repr\u00e9sente \u00ab\u00a0un engagement solennel et collectif\u00a0\u00bb et un grand t\u00e9moin de cette forte prise de conscience quant \u00e0 l\u2019importance de cette identit\u00e9 riche et plurielle du Royaume.<\/p>\n<p>De son c\u00f4t\u00e9, le pr\u00e9sident du bureau ex\u00e9cutif de l\u2019Association\u00a0Essaouira-Mogador, M. Tarik Ottmani, a qualifi\u00e9, dans une d\u00e9claration \u00e0 la presse, de \u00ab\u00a0grand jour\u00a0\u00bb la c\u00e9r\u00e9monie de signature \u00e0 \u00ab\u00a0Bayt Dakira\u00a0\u00bb de cette importante Convention, qui intervient quelques mois seulement apr\u00e8s la visite historique de SM le Roi Mohammed VI \u00e0\u00a0Essaouira\u00a0et \u00e0 cet Espace embl\u00e9matique.<\/p>\n<p>La conclusion de cette Convention, a-t-il indiqu\u00e9, intervient aussi apr\u00e8s la publication, il y a quelques semaines, sur les nouveaux manuels scolaires des 5\u00e8me et 6\u00e8me ann\u00e9es du cycle primaire de tout un exercice pour enseigner l\u2019histoire jud\u00e9o-marocaine.<\/p>\n<p>Depuis que la nouvelle de l\u2019adoption, par le minist\u00e8re, de l\u2019enseignement de la composante jud\u00e9o-marocaine de l\u2019Histoire riche du Royaume dans les \u00e9tablissements scolaires a fait la Une, l\u2019Association a re\u00e7u un nombre impressionnant de lettres, de messages et d\u2019appels t\u00e9l\u00e9phoniques des membres de la communaut\u00e9 marocaine de confession juive \u00e9tablie au pays ou \u00e0 l\u2019\u00e9tranger, pour exprimer leur fiert\u00e9 de cette initiative, a fait savoir M. Ottmani.<\/p>\n<p>\u00ab\u00a0C\u2019est une fiert\u00e9 pour nous en tant que Marocains de mettre en lumi\u00e8re cette Histoire, de l\u2019enseigner aux g\u00e9n\u00e9rations montantes et de pouvoir ouvrir les portes de Bayt Dakira pour les jeunes du Maroc et de l\u2019\u00e9tranger afin de d\u00e9couvrir ce pan de l\u2019Histoire riche et plurielle du Royaume\u00a0\u00bb, s\u2019est-il r\u00e9joui en conclusion.<\/p>\n<\/div>\n<p>Auteur: Mohammed KOURSI<br \/>\n<a href=\"http:\/\/www.mapmarrakech.ma\/fr\/bayt-dakira-un-temple-dhistoire-refletant-une-memoire-commune\/\">Cliquez ici pour lire l&rsquo;article depuis sa source.<\/a><\/p>\n","protected":false},"excerpt":{"rendered":"<p>Essaouira- Le ministre de l\u2019Education Nationale, de la Formation professionnelle, de l\u2019Enseignement sup\u00e9rieur et de la Recherche scientifique, M. Saaid Amzazi a affirm\u00e9, samedi \u00e0 Essaouira, que \u00ab\u00a0Bayt Dakira\u00a0\u00bb constitue un temple d\u2019histoire qui refl\u00e8te un riche patrimoine et une m\u00e9moire commune, tout en saluant les initiatives ayant \u00e9t\u00e9 entreprises pour la mise en \u0153uvre [&hellip;]<\/p>\n","protected":false},"author":1788,"featured_media":0,"comment_status":"closed","ping_status":"closed","sticky":false,"template":"","format":"standard","meta":{"fifu_image_url":"","fifu_image_alt":"","footnotes":""},"categories":[54,76],"tags":[],"class_list":["post-105389","post","type-post","status-publish","format-standard","hentry","category-maroc","category-regions"],"_links":{"self":[{"href":"https:\/\/linitiative.ca\/International\/wp-json\/wp\/v2\/posts\/105389","targetHints":{"allow":["GET"]}}],"collection":[{"href":"https:\/\/linitiative.ca\/International\/wp-json\/wp\/v2\/posts"}],"about":[{"href":"https:\/\/linitiative.ca\/International\/wp-json\/wp\/v2\/types\/post"}],"author":[{"embeddable":true,"href":"https:\/\/linitiative.ca\/International\/wp-json\/wp\/v2\/users\/1788"}],"replies":[{"embeddable":true,"href":"https:\/\/linitiative.ca\/International\/wp-json\/wp\/v2\/comments?post=105389"}],"version-history":[{"count":0,"href":"https:\/\/linitiative.ca\/International\/wp-json\/wp\/v2\/posts\/105389\/revisions"}],"wp:attachment":[{"href":"https:\/\/linitiative.ca\/International\/wp-json\/wp\/v2\/media?parent=105389"}],"wp:term":[{"taxonomy":"category","embeddable":true,"href":"https:\/\/linitiative.ca\/International\/wp-json\/wp\/v2\/categories?post=105389"},{"taxonomy":"post_tag","embeddable":true,"href":"https:\/\/linitiative.ca\/International\/wp-json\/wp\/v2\/tags?post=105389"}],"curies":[{"name":"wp","href":"https:\/\/api.w.org\/{rel}","templated":true}]}}