{"id":105390,"date":"2020-11-22T06:44:23","date_gmt":"2020-11-22T11:44:23","guid":{"rendered":"https:\/\/linitiative.ca\/International\/bayt-dakira-partenaire-du-men-pour-promouvoir-nos-diversites\/"},"modified":"2020-11-22T06:44:23","modified_gmt":"2020-11-22T11:44:23","slug":"bayt-dakira-partenaire-du-men-pour-promouvoir-nos-diversites","status":"publish","type":"post","link":"https:\/\/linitiative.ca\/International\/bayt-dakira-partenaire-du-men-pour-promouvoir-nos-diversites\/","title":{"rendered":"Bayt Dakira partenaire du MEN pour promouvoir nos diversit\u00e9s"},"content":{"rendered":"<div readability=\"42\">\n<p>Essaouira- \u00ab\u00a0Moins d\u2019un an apr\u00e8s la visite de SM le Roi Mohammed VI, Bayt Dakira a donn\u00e9 corps, r\u00e9alit\u00e9 et contenu \u00e0 la p\u00e9dagogie, \u00e0 l\u2019\u00e9ducation et au partage de toutes nos diversit\u00e9s\u00a0\u00bb, a d\u00e9clar\u00e9, samedi \u00e0 Essaouira, M. Andr\u00e9 Azoulay, Conseiller de SM le Roi et Pr\u00e9sident-Fondateur de l\u2019Association Essaouira-Mogador.<\/p>\n<\/div>\n<div readability=\"60\">\n<p>S\u2019exprimant lors de la c\u00e9r\u00e9monie de signature d\u2019une convention de partenariat et de coop\u00e9ration pour la promotion des valeurs de tol\u00e9rance, de diversit\u00e9 et de coexistence dans les \u00e9tablissements scolaires et universitaires, M. Azoulay a salu\u00e9 \u00ab\u00a0l\u2019exceptionnelle cr\u00e9ativit\u00e9 et le talent didactique des \u00e9quipes du Minist\u00e8re de l\u2019Education Nationale qui ont install\u00e9 dans le cursus scolaire d\u00e8s cette rentr\u00e9e des manuels scolaires qui disent \u00e0 nos enfants la profondeur et la place du Juda\u00efsme marocain dans l\u2019histoire longue de notre pays\u00a0\u00bb.<\/p>\n<p>\u00ab\u00a0La dynamique que vous avez impuls\u00e9e et le partenariat innovant que vous mettez en place aujourd\u2019hui avec l\u2019Association Essaouira-Mogador et le Centre d\u2019Etudes et de Recherches sur le Droit H\u00e9bra\u00efque au Maroc, qui si\u00e8ge \u00e0 Bayt Dakira, feront date dans nos annales\u00a0\u00bb, a soulign\u00e9 le Conseiller de SM le Roi \u00e0 l\u2019adresse de M. Saaid Amzazi, ministre l\u2019Education Nationale, de la Formation professionnelle, de l\u2019Enseignement sup\u00e9rieur et de la Recherche scientifique.<\/p>\n<p>Mettant en relief l\u2019impressionnant impact, l\u2019enthousiasme et l\u2019unanimit\u00e9 des r\u00e9actions enregistr\u00e9es dans le monde pour saluer \u00ab\u00a0la d\u00e9marche pionni\u00e8re, volontariste et inclusive du Royaume du Maroc ainsi que le caract\u00e8re exemplaire de ses choix philosophiques, moraux et civiques, M. Azoulay a exprim\u00e9 \u00ab\u00a0toute sa fiert\u00e9 de voir Essaouira, forte de son partenariat avec le Minist\u00e8re de l\u2019Education Nationale, monter une nouvelle fois en premi\u00e8re ligne, pour partager et dire au plus grand nombre la richesse et la p\u00e9rennit\u00e9 de toutes nos diversit\u00e9s qui sont plus que jamais au c\u0153ur de la modernit\u00e9 de notre soci\u00e9t\u00e9\u00a0\u00bb.<\/p>\n<\/div>\n<p>Auteur: Mohammed KOURSI<br \/>\n<a href=\"http:\/\/www.mapmarrakech.ma\/fr\/bayt-dakira-partenaire-du-men-pour-promouvoir-nos-diversites\/\">Cliquez ici pour lire l&rsquo;article depuis sa source.<\/a><\/p>\n","protected":false},"excerpt":{"rendered":"<p>Essaouira- \u00ab\u00a0Moins d\u2019un an apr\u00e8s la visite de SM le Roi Mohammed VI, Bayt Dakira a donn\u00e9 corps, r\u00e9alit\u00e9 et contenu \u00e0 la p\u00e9dagogie, \u00e0 l\u2019\u00e9ducation et au partage de toutes nos diversit\u00e9s\u00a0\u00bb, a d\u00e9clar\u00e9, samedi \u00e0 Essaouira, M. Andr\u00e9 Azoulay, Conseiller de SM le Roi et Pr\u00e9sident-Fondateur de l\u2019Association Essaouira-Mogador. S\u2019exprimant lors de la [&hellip;]<\/p>\n","protected":false},"author":1788,"featured_media":0,"comment_status":"closed","ping_status":"closed","sticky":false,"template":"","format":"standard","meta":{"fifu_image_url":"","fifu_image_alt":"","footnotes":""},"categories":[54,76],"tags":[],"class_list":["post-105390","post","type-post","status-publish","format-standard","hentry","category-maroc","category-regions"],"_links":{"self":[{"href":"https:\/\/linitiative.ca\/International\/wp-json\/wp\/v2\/posts\/105390","targetHints":{"allow":["GET"]}}],"collection":[{"href":"https:\/\/linitiative.ca\/International\/wp-json\/wp\/v2\/posts"}],"about":[{"href":"https:\/\/linitiative.ca\/International\/wp-json\/wp\/v2\/types\/post"}],"author":[{"embeddable":true,"href":"https:\/\/linitiative.ca\/International\/wp-json\/wp\/v2\/users\/1788"}],"replies":[{"embeddable":true,"href":"https:\/\/linitiative.ca\/International\/wp-json\/wp\/v2\/comments?post=105390"}],"version-history":[{"count":0,"href":"https:\/\/linitiative.ca\/International\/wp-json\/wp\/v2\/posts\/105390\/revisions"}],"wp:attachment":[{"href":"https:\/\/linitiative.ca\/International\/wp-json\/wp\/v2\/media?parent=105390"}],"wp:term":[{"taxonomy":"category","embeddable":true,"href":"https:\/\/linitiative.ca\/International\/wp-json\/wp\/v2\/categories?post=105390"},{"taxonomy":"post_tag","embeddable":true,"href":"https:\/\/linitiative.ca\/International\/wp-json\/wp\/v2\/tags?post=105390"}],"curies":[{"name":"wp","href":"https:\/\/api.w.org\/{rel}","templated":true}]}}