{"id":105391,"date":"2020-11-22T12:13:36","date_gmt":"2020-11-22T17:13:36","guid":{"rendered":"https:\/\/linitiative.ca\/International\/m-amzazi-inaugure-des-etablissements-scolaires\/"},"modified":"2020-11-22T12:13:36","modified_gmt":"2020-11-22T17:13:36","slug":"m-amzazi-inaugure-des-etablissements-scolaires","status":"publish","type":"post","link":"https:\/\/linitiative.ca\/International\/m-amzazi-inaugure-des-etablissements-scolaires\/","title":{"rendered":"M. Amzazi inaugure des \u00e9tablissements scolaires"},"content":{"rendered":"<div readability=\"41\">\n<p>Commune de Rehala (province de Chichaoua)- Le ministre de l\u2019Education nationale, de la formation professionnelle, de l\u2019enseignement sup\u00e9rieur et de la recherche scientifique, M. Saaid Amzazi, a proc\u00e9d\u00e9, dimanche \u00e0 la province de Chichaoua, \u00e0 l\u2019inauguration d\u2019\u00e9tablissements scolaires r\u00e9alis\u00e9s dans le cadre des efforts men\u00e9s en vue de renforcer la qualit\u00e9 de l\u2019offre p\u00e9dagogique.<\/p>\n<\/div>\n<div readability=\"168\">\n<p>A la commune de Rehala, le ministre, accompagn\u00e9 notamment du gouverneur de la province, M. Bouabid El Guerab, du directeur de l\u2019Acad\u00e9mie R\u00e9gionale de l\u2019Education et de la Formation (AREF) Marrakech- Safi, M. Moulay Ahmed Karimi, et d\u2019autres personnalit\u00e9s, a inaugur\u00e9 une \u00e9cole communautaire, r\u00e9alis\u00e9e gr\u00e2ce \u00e0 un investissement de l\u2019ordre de 11,3 millions de dirhams.<\/p>\n<p>Cet \u00e9tablissement scolaire, dont les travaux de construction ont dur\u00e9 16 mois, comprend 7 salles de classe d\u00e9di\u00e9es \u00e0 l\u2019enseignement g\u00e9n\u00e9ral, une salle multim\u00e9dia, des d\u00e9pendances administratives, une salle des professeurs et un terrain de sport entre autres.<\/p>\n<p>Ainsi, des explications ont \u00e9t\u00e9 fournies au ministre et \u00e0 la d\u00e9l\u00e9gation l\u2019accompagnant concernant cette \u00e9cole communautaire qui se fixe pour missions la\u00a0 promotion de la scolarisation, la lutte contre la d\u00e9perdition scolaire chez les filles en milieu rural, la suppression progressives des salles de classe abritant plusieurs niveaux scolaires, et la garantie d\u2019une offre scolaire de qualit\u00e9.<\/p>\n<p>Cette \u00e9cole, \u00e0 laquelle sont inscrits quelque 151 \u00e9l\u00e8ves au titre de l\u2019ann\u00e9e scolaire 2020-2021 encadr\u00e9s par 8 professeurs outre un enseignant de la langue amazighe, a pour objectifs d\u2019assurer un enseignement au profit des apprenants \u00e0 m\u00eame de leur permettre une meilleure insertion sociale, \u00e0 travers une vie scolaire et des activit\u00e9s \u00e0 m\u00eame de contribuer \u00e0 l\u2019\u00e9dification de leurs personnalit\u00e9s et au renforcement de leurs capacit\u00e9s.<\/p>\n<p>Cet \u00e9tablissement scolaire devra aussi cr\u00e9er une dynamique au niveau de la commune, via l\u2019espace appropri\u00e9 qu\u2019il offre pour l\u2019organisation d\u2019activit\u00e9s culturelles.<\/p>\n<p>Des explications ont \u00e9t\u00e9 \u00e9galement pr\u00e9sent\u00e9es \u00e0 M. Amzazi concernant le projet de l\u2019\u00e9cole communautaire de Sidi Mokhtar, d\u2019un montant total de 12.4 millions de dirhams et dont l\u2019\u00e9tat d\u2019avancement des travaux a atteint 95%.<\/p>\n<p>Par la m\u00eame occasion, le ministre a pris connaissance de projets portant sur la construction prochaine de deux autres \u00e9coles communautaires, \u00e0 savoir celle de Guemassa, d\u2019un co\u00fbt de 9,6 millions de dirhams et de l\u2019\u00e9cole communautaire de Lalla Aziza qui verra le jour dans le cadre du programme de r\u00e9duction des disparit\u00e9s territoriales et sociales en milieu rural, pour une enveloppe budg\u00e9taire estim\u00e9e \u00e0 6,8 millions de dirhams.<\/p>\n<p>A la commune d\u2019Ahdil, M. Amzazi a inaugur\u00e9 le pavillon externe du Lyc\u00e9e coll\u00e9gial d\u2019Ahdil, abritant des salles de classe et des d\u00e9pendances administratives, avant de suivre des explications concernant cet \u00e9tablissement scolaire qui comprend 6 salles de classe d\u00e9di\u00e9es \u00e0 l\u2019enseignement g\u00e9n\u00e9ral, 2 salles de classe pour les mati\u00e8res scientifiques, 2 autres salles pour l\u2019enseignement sp\u00e9cial, une biblioth\u00e8que, des d\u00e9pendances administratives, outre trois terrains de sport, alors qu\u2019un internat est en cours de construction.<\/p>\n<p>D\u2019un co\u00fbt global de 8,1 millions de dirhams, cet \u00e9tablissement scolaire, d\u2019une capacit\u00e9 maximale de 500 \u00e9l\u00e8ves, s\u2019assigne pour objectifs l\u2019encouragement de la scolarisation, la lutte contre la d\u00e9perdition scolaires chez la fille rurale, et l\u2019att\u00e9nuation de la pression sur le lyc\u00e9e coll\u00e9gial Zerktouni au niveau de la municipalit\u00e9 de\u00a0Chichaoua.<\/p>\n<p>Par la m\u00eame occasion, le ministre a pris connaissance des projets r\u00e9alis\u00e9s ou en cours de r\u00e9alisation au titre de l\u2019ann\u00e9e 2020-2021, et leur r\u00e9partition sur l\u2019ensemble du territoire de la province de\u00a0Chichaoua, notamment les \u00e9coles communautaires, les internats, les lyc\u00e9es qualifiants, les lyc\u00e9es coll\u00e9giaux, les \u00e9coles primaires et les Dour Talib et Taliba (Maisons de l\u2019Etudiant et de l\u2019Etudiante).<\/p>\n<p>Ainsi, un aper\u00e7u a \u00e9t\u00e9 donn\u00e9 \u00e0 M. Amzazi sur certains projets \u00e9ducatifs importants destin\u00e9s \u00e0 promouvoir la scolarisation, \u00e0 l\u2019instar du lyc\u00e9e qualifiant de Mzouda r\u00e9alis\u00e9 gr\u00e2ce \u00e0 un investissement de 8.8 millions de dirhams, ou encore de projets r\u00e9alis\u00e9s dans le cadre du programme de r\u00e9duction des disparit\u00e9s territoriales et sociales en milieu rural, entre autres, la construction d\u2019un internat au lyc\u00e9e coll\u00e9gial Mohammed V \u00e0 la commune de Bouaboud, l\u2019extension de Dar Taliba (Maison de l\u2019Etudiante) au lyc\u00e9e coll\u00e9gial de Timezgadiouine, ou encore d\u2019un Internat au lyc\u00e9e qualifiant Ibn Al Ha\u00eetam \u00e0 Imintanout.<\/p>\n<p>Lors de ces visites, M. Amzazi s\u2019est \u00e9galement arr\u00eat\u00e9 sur le bon d\u00e9roulement des cours, ainsi que sur le respect scrupuleux des mesures pr\u00e9ventives et du protocole sanitaire mis en place pour enrayer la propagation de la pand\u00e9mie du nouveau coronavirus au sein de l\u2019\u00e9cole communautaire de Rahala et du lyc\u00e9e coll\u00e9gial d\u2019Ahdil.<\/p>\n<p>Au terme de ce d\u00e9placement \u00e0 la province de\u00a0Chichaoua, le ministre s\u2019est rendu au site devant abriter, ult\u00e9rieurement, un noyau universitaire.<\/p>\n<p>Dans une d\u00e9claration \u00e0 la presse \u00e0 cette occasion, M. Amzazi a mis en avant la qualit\u00e9 de ces \u00e9tablissements destin\u00e9s \u00e0 offrir aux \u00e9l\u00e8ves toutes les conditions n\u00e9cessaires \u00e0 la formation et \u00e0 l\u2019apprentissage, \u00e0 m\u00eame de leur permettre d\u2019obtenir des r\u00e9sultats positifs, notant que ces r\u00e9alisations se veulent le couronnement d\u2019un travail s\u00e9rieux et d\u2019efforts inlassables pour l\u2019\u00e9largissement de l\u2019offre scolaire.<\/p>\n<p>Dans le cadre de ce renforcement de l\u2019offre scolaire, il a relev\u00e9 qu\u2019il sera proc\u00e9d\u00e9 \u00e0 la r\u00e9alisation d\u2019une s\u00e9rie de projets, dont des internats et d\u2019autres \u00e9tablissements scolaires au niveau d\u2019autres zones, rappelant l\u2019importance de ce genre d\u2019initiative et son impact en milieu rural.<\/p>\n<\/div>\n<p>Auteur: Mohammed KOURSI<br \/>\n<a href=\"http:\/\/www.mapmarrakech.ma\/fr\/m-amzazi-inaugure-des-etablissements-scolaires\/\">Cliquez ici pour lire l&rsquo;article depuis sa source.<\/a><\/p>\n","protected":false},"excerpt":{"rendered":"<p>Commune de Rehala (province de Chichaoua)- Le ministre de l\u2019Education nationale, de la formation professionnelle, de l\u2019enseignement sup\u00e9rieur et de la recherche scientifique, M. Saaid Amzazi, a proc\u00e9d\u00e9, dimanche \u00e0 la province de Chichaoua, \u00e0 l\u2019inauguration d\u2019\u00e9tablissements scolaires r\u00e9alis\u00e9s dans le cadre des efforts men\u00e9s en vue de renforcer la qualit\u00e9 de l\u2019offre p\u00e9dagogique. A [&hellip;]<\/p>\n","protected":false},"author":1788,"featured_media":0,"comment_status":"closed","ping_status":"closed","sticky":false,"template":"","format":"standard","meta":{"fifu_image_url":"","fifu_image_alt":"","footnotes":""},"categories":[54,76],"tags":[],"class_list":["post-105391","post","type-post","status-publish","format-standard","hentry","category-maroc","category-regions"],"_links":{"self":[{"href":"https:\/\/linitiative.ca\/International\/wp-json\/wp\/v2\/posts\/105391","targetHints":{"allow":["GET"]}}],"collection":[{"href":"https:\/\/linitiative.ca\/International\/wp-json\/wp\/v2\/posts"}],"about":[{"href":"https:\/\/linitiative.ca\/International\/wp-json\/wp\/v2\/types\/post"}],"author":[{"embeddable":true,"href":"https:\/\/linitiative.ca\/International\/wp-json\/wp\/v2\/users\/1788"}],"replies":[{"embeddable":true,"href":"https:\/\/linitiative.ca\/International\/wp-json\/wp\/v2\/comments?post=105391"}],"version-history":[{"count":0,"href":"https:\/\/linitiative.ca\/International\/wp-json\/wp\/v2\/posts\/105391\/revisions"}],"wp:attachment":[{"href":"https:\/\/linitiative.ca\/International\/wp-json\/wp\/v2\/media?parent=105391"}],"wp:term":[{"taxonomy":"category","embeddable":true,"href":"https:\/\/linitiative.ca\/International\/wp-json\/wp\/v2\/categories?post=105391"},{"taxonomy":"post_tag","embeddable":true,"href":"https:\/\/linitiative.ca\/International\/wp-json\/wp\/v2\/tags?post=105391"}],"curies":[{"name":"wp","href":"https:\/\/api.w.org\/{rel}","templated":true}]}}