{"id":105396,"date":"2020-11-22T10:23:36","date_gmt":"2020-11-22T15:23:36","guid":{"rendered":"https:\/\/linitiative.ca\/International\/seisme-de-skikda-mise-en-place-dune-cellule-de-crise\/"},"modified":"2020-11-22T10:23:36","modified_gmt":"2020-11-22T15:23:36","slug":"seisme-de-skikda-mise-en-place-dune-cellule-de-crise","status":"publish","type":"post","link":"https:\/\/linitiative.ca\/International\/seisme-de-skikda-mise-en-place-dune-cellule-de-crise\/","title":{"rendered":"S\u00e9isme de Skikda : mise en place d\u2019une cellule de crise"},"content":{"rendered":"<div readability=\"36\">\n<p><strong>SKIKDA-Une cellule de crise a \u00e9t\u00e9 mise en place dimanche matin dans la wilaya de Skikda, cons\u00e9cutivement \u00e0 la secousse tellurique ressentie \u00e0 04h53 suivie de deux autres r\u00e9pliques signal\u00e9es \u00e0 06h17 et 12 h10, a-t-on appris aupr\u00e8s des services de la wilaya.<\/strong><\/p>\n<\/div>\n<div readability=\"82.5\">\n<p>Pr\u00e9sid\u00e9e par le chef de l\u2019ex\u00e9cutif local, Abdelkader Bensaid, cette cellule de crise est compos\u00e9e des responsables des directions locales de l\u2019habitat, des ressources en eau, les services de la protection civile et les services des assembl\u00e9es populaires communales (APC) concern\u00e9es, en sus des services des diff\u00e9rents corps constitu\u00e9s, a expliqu\u00e9 la m\u00eame source.<\/p>\n<p>En application des directives du minist\u00e8re de l&rsquo;Int\u00e9rieur, des Collectivit\u00e9s locales et de l&rsquo;Am\u00e9nagement du territoire, le wali de Skikda s\u2019\u00e9tait rendu \u00e0 Ain Bouziane (Sud de Skikda), o\u00f9 l\u2019\u00e9picentre des deux secousses a \u00e9t\u00e9 localis\u00e9 pour s\u2019enqu\u00e9rir de la situation et constater d\u2019\u00e9ventuels dommages.<\/p>\n<p>Selon un premier constat des services de la wilaya, \u00ab\u00a0aucune perte humaine n&rsquo;est \u00e0 d\u00e9plorer\u00a0\u00bb alors que des fissures ont \u00e9t\u00e9 relev\u00e9es au niveau de l&rsquo;h\u00f4pital d\u2019El-Harrouch ainsi que quelques habitations.<\/p>\n<blockquote readability=\"8\">\n<p><strong><em>\u00ab\u00a0Une commission technique de la wilaya s&rsquo;est rendue dans les localit\u00e9s d&rsquo;Ain Bouziane et d&rsquo;El-Harrouch aussit\u00f4t apr\u00e8s le s\u00e9isme afin de s\u2019enqu\u00e9rir de l&rsquo;\u00e9tendue des d\u00e9g\u00e2ts caus\u00e9s par ces secousses\u00a0\u00bb, a-t-on encore d\u00e9taill\u00e9.<\/em><\/strong><\/p>\n<\/blockquote>\n<p>De leur c\u00f4t\u00e9, les services de la Protection civile se sont d\u00e9p\u00each\u00e9s vers les zones proches de l&rsquo;\u00e9picentre des deux secousses pour inspecter habitations et \u00e9quipements publics, a-t-on soulign\u00e9.<\/p>\n<p>Pour rappel, un s\u00e9isme d&rsquo;une magnitude de 5,2 degr\u00e9s sur l&rsquo;\u00e9chelle ouverte de Richter a \u00e9t\u00e9 enregistr\u00e9 dimanche \u00e0 04h53 dans la wilaya de Skikda, a annonc\u00e9 le Centre de Recherche en Astronomie, Astrophysique, et G\u00e9ophysique<\/p>\n<p>(CRAAG), pr\u00e9cisant que l\u2019\u00e9picentre du s\u00e9isme a \u00e9t\u00e9 localis\u00e9 \u00e0 12 km au Sud- ouest d&rsquo;El Harrouch (Skikda).<\/p>\n<p>Le CRAAG a aussi annonc\u00e9 qu&rsquo;une r\u00e9plique d\u2019une magnitude de 3,9 degr\u00e9s sur l&rsquo;\u00e9chelle ouverte de Richter a \u00e9t\u00e9 enregistr\u00e9e dans la m\u00eame wilaya \u00e0 06h17 et une autre de m\u00eame magnitude \u00e0 12h10 dont l&rsquo;\u00e9picentre a \u00e9t\u00e9 localis\u00e9 \u00e0 12 km au Sud-ouest de la ville d&rsquo;El Harrouch, a -t-on pr\u00e9cis\u00e9.<\/p>\n<\/div>\n<p>Auteur:<br \/>\n<a href=\"http:\/\/www.aps.dz\/regions\/113158-seisme-de-skikda-mise-en-place-d-une-cellule-de-crise\">Cliquez ici pour lire l&rsquo;article depuis sa source.<\/a><\/p>\n","protected":false},"excerpt":{"rendered":"<p>SKIKDA-Une cellule de crise a \u00e9t\u00e9 mise en place dimanche matin dans la wilaya de Skikda, cons\u00e9cutivement \u00e0 la secousse tellurique ressentie \u00e0 04h53 suivie de deux autres r\u00e9pliques signal\u00e9es \u00e0 06h17 et 12 h10, a-t-on appris aupr\u00e8s des services de la wilaya. Pr\u00e9sid\u00e9e par le chef de l\u2019ex\u00e9cutif local, Abdelkader Bensaid, cette cellule de [&hellip;]<\/p>\n","protected":false},"author":1790,"featured_media":0,"comment_status":"closed","ping_status":"closed","sticky":false,"template":"","format":"standard","meta":{"fifu_image_url":"","fifu_image_alt":"","footnotes":""},"categories":[53,76],"tags":[],"class_list":["post-105396","post","type-post","status-publish","format-standard","hentry","category-algerie","category-regions"],"_links":{"self":[{"href":"https:\/\/linitiative.ca\/International\/wp-json\/wp\/v2\/posts\/105396","targetHints":{"allow":["GET"]}}],"collection":[{"href":"https:\/\/linitiative.ca\/International\/wp-json\/wp\/v2\/posts"}],"about":[{"href":"https:\/\/linitiative.ca\/International\/wp-json\/wp\/v2\/types\/post"}],"author":[{"embeddable":true,"href":"https:\/\/linitiative.ca\/International\/wp-json\/wp\/v2\/users\/1790"}],"replies":[{"embeddable":true,"href":"https:\/\/linitiative.ca\/International\/wp-json\/wp\/v2\/comments?post=105396"}],"version-history":[{"count":0,"href":"https:\/\/linitiative.ca\/International\/wp-json\/wp\/v2\/posts\/105396\/revisions"}],"wp:attachment":[{"href":"https:\/\/linitiative.ca\/International\/wp-json\/wp\/v2\/media?parent=105396"}],"wp:term":[{"taxonomy":"category","embeddable":true,"href":"https:\/\/linitiative.ca\/International\/wp-json\/wp\/v2\/categories?post=105396"},{"taxonomy":"post_tag","embeddable":true,"href":"https:\/\/linitiative.ca\/International\/wp-json\/wp\/v2\/tags?post=105396"}],"curies":[{"name":"wp","href":"https:\/\/api.w.org\/{rel}","templated":true}]}}