{"id":105398,"date":"2020-11-22T15:13:19","date_gmt":"2020-11-22T20:13:19","guid":{"rendered":"https:\/\/linitiative.ca\/International\/pros-andy-delort-il-faut-enchainer-continuer-sur-cette-dynamique-et-prendre-le-plus-de-points-possible\/"},"modified":"2020-11-22T15:13:19","modified_gmt":"2020-11-22T20:13:19","slug":"pros-andy-delort-il-faut-enchainer-continuer-sur-cette-dynamique-et-prendre-le-plus-de-points-possible","status":"publish","type":"post","link":"https:\/\/linitiative.ca\/International\/pros-andy-delort-il-faut-enchainer-continuer-sur-cette-dynamique-et-prendre-le-plus-de-points-possible\/","title":{"rendered":"Pros : Andy Delort : \u00abil faut enchainer, continuer sur cette dynamique et prendre le plus de points possible\u00bb"},"content":{"rendered":"<div readability=\"32\">\n<p>Auteur : <span class=\"time\">dimanche 22 novembre 2020 19:32<\/span><\/p>\n<\/div>\n<div id=\"post_core\" readability=\"57\">\n<p>Auteur d\u2019un doubl\u00e9 et d\u2019une passe d\u00e9cisive aujourd\u2019hui face \u00e0 Strasbourg, l\u2019attaquant de Montpellier, Andy Delort s\u2019est exprim\u00e9 sur la victoire des siens au micro de Philippe Sers: \u00abM\u00eame pour moi sur le terrain, cette physionomie de match, c\u2019\u00e9tait compliqu\u00e9. On a l\u2019impression que d\u2019entr\u00e9e, on avait tu\u00e9 le match puis derri\u00e8re, on fait des petites erreurs. Puis y a cette situation avec la VAR o\u00f9 Lala aurait tir\u00e9 son p\u00e9nalty, jusqu\u2019\u00e0 qu\u2019il le marque. \u00e7a nous a mis un coup \u00e0 la mi-temps mais le coach nous a bien boug\u00e9, on s\u2019est bien parl\u00e9s et je pense que ces matchs l\u00e0, mentalement, quand tu les gagnes, \u00e7a fait du bien. Ce n\u2019\u00e9tait pas \u00e9videmment, \u00e0 la mi-temps, notre moral \u00e9tait \u00e0 la baisse, on a su revenir, c\u2019est une preuve ce caract\u00e8re de l\u2019\u00e9quipe. A chaque fois, on arrive \u00e0 revenir, les matchs \u00e0 l\u2019ext\u00e9rieur on fait du bien, on a pris beaucoup de confiance ces derniers temps, il faut enchainer, continuer sur cette dynamique et prendre le plus de points possible.\u00bb<\/p>\n<p><strong>Publi\u00e9 dans :<\/strong> <span>Andy Delort<\/span><\/p>\n<\/div>\n<p>Auteur:<br \/>\n<a href=\"http:\/\/www.lebuteur.com\/article\/detail?titre=andy-delort-il-faut-enchainer-continuer-sur-cette-dynamique-et-prendre-le-plus-de-points-possible&#038;id=98061&#038;utm_source=feedburner&#038;utm_medium=feed&#038;utm_campaign=Feed%3A+GalerieFArtciles+%28Les+derniers+articles++-+lebuteur.com%29\">Cliquez ici pour lire l&rsquo;article depuis sa source.<\/a><\/p>\n","protected":false},"excerpt":{"rendered":"<p>Auteur : dimanche 22 novembre 2020 19:32 Auteur d\u2019un doubl\u00e9 et d\u2019une passe d\u00e9cisive aujourd\u2019hui face \u00e0 Strasbourg, l\u2019attaquant de Montpellier, Andy Delort s\u2019est exprim\u00e9 sur la victoire des siens au micro de Philippe Sers: \u00abM\u00eame pour moi sur le terrain, cette physionomie de match, c\u2019\u00e9tait compliqu\u00e9. On a l\u2019impression que d\u2019entr\u00e9e, on avait tu\u00e9 [&hellip;]<\/p>\n","protected":false},"author":1738,"featured_media":105399,"comment_status":"closed","ping_status":"closed","sticky":false,"template":"","format":"standard","meta":{"fifu_image_url":"","fifu_image_alt":"","footnotes":""},"categories":[53,75],"tags":[],"class_list":["post-105398","post","type-post","status-publish","format-standard","has-post-thumbnail","hentry","category-algerie","category-sport"],"_links":{"self":[{"href":"https:\/\/linitiative.ca\/International\/wp-json\/wp\/v2\/posts\/105398","targetHints":{"allow":["GET"]}}],"collection":[{"href":"https:\/\/linitiative.ca\/International\/wp-json\/wp\/v2\/posts"}],"about":[{"href":"https:\/\/linitiative.ca\/International\/wp-json\/wp\/v2\/types\/post"}],"author":[{"embeddable":true,"href":"https:\/\/linitiative.ca\/International\/wp-json\/wp\/v2\/users\/1738"}],"replies":[{"embeddable":true,"href":"https:\/\/linitiative.ca\/International\/wp-json\/wp\/v2\/comments?post=105398"}],"version-history":[{"count":0,"href":"https:\/\/linitiative.ca\/International\/wp-json\/wp\/v2\/posts\/105398\/revisions"}],"wp:featuredmedia":[{"embeddable":true,"href":"https:\/\/linitiative.ca\/International\/wp-json\/"}],"wp:attachment":[{"href":"https:\/\/linitiative.ca\/International\/wp-json\/wp\/v2\/media?parent=105398"}],"wp:term":[{"taxonomy":"category","embeddable":true,"href":"https:\/\/linitiative.ca\/International\/wp-json\/wp\/v2\/categories?post=105398"},{"taxonomy":"post_tag","embeddable":true,"href":"https:\/\/linitiative.ca\/International\/wp-json\/wp\/v2\/tags?post=105398"}],"curies":[{"name":"wp","href":"https:\/\/api.w.org\/{rel}","templated":true}]}}