{"id":105413,"date":"2020-11-22T10:39:00","date_gmt":"2020-11-22T15:39:00","guid":{"rendered":"https:\/\/linitiative.ca\/International\/violations-du-protocole-sanitaire-dans-les-universites-le-ministere-lenseignement-superieur-met-en-garde\/"},"modified":"2020-11-22T10:39:00","modified_gmt":"2020-11-22T15:39:00","slug":"violations-du-protocole-sanitaire-dans-les-universites-le-ministere-lenseignement-superieur-met-en-garde","status":"publish","type":"post","link":"https:\/\/linitiative.ca\/International\/violations-du-protocole-sanitaire-dans-les-universites-le-ministere-lenseignement-superieur-met-en-garde\/","title":{"rendered":"VIOLATIONS DU PROTOCOLE SANITAIRE DANS LES UNIVERSITES : Le minist\u00e8re l\u2019Enseignement sup\u00e9rieur met en garde"},"content":{"rendered":"<p><br id=\"sep_para_1\" class=\"sep_para access\"\/><\/p>\n<div id=\"para_1\" class=\"para_39619987 resize\">\n<div class=\"texte access firstletter\">Le minist\u00e8re de l\u2019Enseignement sup\u00e9rieur et de la Recherche scientifique a mis en garde contre les abus enregistr\u00e9s par les services du ministre Abdelbaki Benziane concernant le respect des mesures du protocole sanitaire pour limiter et pr\u00e9venir la propagation de coronavirus et la tutelle a fait \u00e9tat des risques de cette n\u00e9gligence dans un m\u00e9morandum du secr\u00e9taire g\u00e9n\u00e9ral du minist\u00e8re \u00e0 tous les directeurs d\u2019\u00e9tablissements universitaires ainsi qu\u2019au directeur de l\u2019office national des services universitaire. La note pr\u00e9cise que de nombreuses violations ont \u00e9t\u00e9 enregistr\u00e9es en ce qui concerne le respect des mesures de pr\u00e9vention de la propagation du Coronavirus au niveau des espaces et des structures des \u00e9tablissements d\u2019enseignement ou des r\u00e9unions universitaires, notamment les mesures pr\u00e9vues dans le protocole sanitaire approuv\u00e9 pour la reprise de l\u2019activit\u00e9 p\u00e9dagogique et la pr\u00e9paration de la rentr\u00e9e universitaire pr\u00e9vue le 15 d\u00e9cembre, et le minist\u00e8re \u00e9num\u00e9r\u00e9 dans sa note et les violations commises, qu\u2019elles soient li\u00e9es au port de masques ou \u00e0 la st\u00e9rilisation des espaces, au non-respect de la distanciation sociale. Sur la base de ces observations, la tutelle a conclu dans sa correspondance en affirmant que de tels abus mena\u00e7aient de d\u00e9truire compl\u00e8tement le r\u00e9gime du secteur visant \u00e0 assurer la s\u00e9curit\u00e9 et la sant\u00e9 de la famille universitaire, \u00e0 assurer la continuit\u00e9 de l\u2019activit\u00e9 \u00e9ducative et \u00e0 saper les efforts des pouvoirs publics pour lutter contre le virus.<\/div>\n<\/div>\n<p>Auteur: Ismain<br \/>\n<a href=\"https:\/\/www.reflexiondz.net\/VIOLATIONS-DU-PROTOCOLE-SANITAIRE-DANS-LES-UNIVERSITES-Le-ministere-l-Enseignement-superieur-met-en-garde_a66393.html\">Cliquez ici pour lire l&rsquo;article depuis sa source.<\/a><\/p>\n","protected":false},"excerpt":{"rendered":"<p>Le minist\u00e8re de l\u2019Enseignement sup\u00e9rieur et de la Recherche scientifique a mis en garde contre les abus enregistr\u00e9s par les services du ministre Abdelbaki Benziane concernant le respect des mesures du protocole sanitaire pour limiter et pr\u00e9venir la propagation de coronavirus et la tutelle a fait \u00e9tat des risques de cette n\u00e9gligence dans un m\u00e9morandum [&hellip;]<\/p>\n","protected":false},"author":1740,"featured_media":0,"comment_status":"closed","ping_status":"closed","sticky":false,"template":"","format":"standard","meta":{"fifu_image_url":"","fifu_image_alt":"","footnotes":""},"categories":[53,76],"tags":[],"class_list":["post-105413","post","type-post","status-publish","format-standard","hentry","category-algerie","category-regions"],"_links":{"self":[{"href":"https:\/\/linitiative.ca\/International\/wp-json\/wp\/v2\/posts\/105413","targetHints":{"allow":["GET"]}}],"collection":[{"href":"https:\/\/linitiative.ca\/International\/wp-json\/wp\/v2\/posts"}],"about":[{"href":"https:\/\/linitiative.ca\/International\/wp-json\/wp\/v2\/types\/post"}],"author":[{"embeddable":true,"href":"https:\/\/linitiative.ca\/International\/wp-json\/wp\/v2\/users\/1740"}],"replies":[{"embeddable":true,"href":"https:\/\/linitiative.ca\/International\/wp-json\/wp\/v2\/comments?post=105413"}],"version-history":[{"count":0,"href":"https:\/\/linitiative.ca\/International\/wp-json\/wp\/v2\/posts\/105413\/revisions"}],"wp:attachment":[{"href":"https:\/\/linitiative.ca\/International\/wp-json\/wp\/v2\/media?parent=105413"}],"wp:term":[{"taxonomy":"category","embeddable":true,"href":"https:\/\/linitiative.ca\/International\/wp-json\/wp\/v2\/categories?post=105413"},{"taxonomy":"post_tag","embeddable":true,"href":"https:\/\/linitiative.ca\/International\/wp-json\/wp\/v2\/tags?post=105413"}],"curies":[{"name":"wp","href":"https:\/\/api.w.org\/{rel}","templated":true}]}}