{"id":105414,"date":"2020-11-22T10:39:00","date_gmt":"2020-11-22T15:39:00","guid":{"rendered":"https:\/\/linitiative.ca\/International\/rumeurs-sur-une-eventuelle-crise-de-la-semoule-le-president-de-lanca-reagit\/"},"modified":"2020-11-22T10:39:00","modified_gmt":"2020-11-22T15:39:00","slug":"rumeurs-sur-une-eventuelle-crise-de-la-semoule-le-president-de-lanca-reagit","status":"publish","type":"post","link":"https:\/\/linitiative.ca\/International\/rumeurs-sur-une-eventuelle-crise-de-la-semoule-le-president-de-lanca-reagit\/","title":{"rendered":"RUMEURS SUR UNE EVENTUELLE CRISE DE LA SEMOULE  : Le pr\u00e9sident de l\u2019ANCA r\u00e9agit"},"content":{"rendered":"<p><br id=\"sep_para_1\" class=\"sep_para access\"\/><\/p>\n<div id=\"para_1\" class=\"para_39619981 resize\">\n<div class=\"texte access firstletter\">Le pr\u00e9sident de l\u2019association nationale les commer\u00e7ants et artisans (Anca) El Hadj Tahar Boulenouar, a r\u00e9agi aux rumeurs ayant circul\u00e9 ces derniers jours sur une \u00e9ventuelle crise de la semoule. \u00ab La disponibilit\u00e9 des produits alimentaires de premi\u00e8re n\u00e9cessit\u00e9 s\u2019\u00e9tend jusqu\u2019\u00e0 six mois \u00e0 un an pour certains produits, ce qui ne justifie pas l\u2019augmentation des prix des p\u00e2tes \u00bb\u00a0 d\u00e9nonce El Hadj Tahar Boulenouar. L\u2019intervenant a d\u00e9clar\u00e9 que le stock de l\u2019Office national des c\u00e9r\u00e9ales r\u00e9pond aux besoins du march\u00e9 local, ajoutant que les op\u00e9rations d\u2019importation de c\u00e9r\u00e9ales en cas de besoin continues, il n\u2019y a donc pas lieu de craindre et de soulever des rumeurs jusqu\u2019\u00e0 ce que la demande de cette substance augmente et que le chaos se produise, comme cela s\u2019est produit dans la crise de la semoule fabriqu\u00e9e ces derniers mois. Et d\u2019ajout\u00e9 \u00ab rien ne justifie l\u2019augmentation des prix en raison du fait que la mati\u00e8re premi\u00e8re est disponible et qu\u2019il n\u2019y a pas eu d\u2019augmentation des prix \u00bb. Et d\u2019ajouter que la mati\u00e8re premi\u00e8re, \u00e0 savoir les bl\u00e9s dur et tendre, est disponible en grandes quantit\u00e9s au niveau des silos. \u00ab Les agriculteurs avaient d\u00e9pos\u00e9 leurs productions en c\u00e9r\u00e9ales notamment les bl\u00e9s dur et tendre \u00e0 la fin d\u2019ao\u00fbt dernier et ont assur\u00e9 des quantit\u00e9s importantes de ce produit strat\u00e9gique \u00bb rassure-t-il. Il est \u00e0 souligner que les Alg\u00e9riens sont confront\u00e9s, ces derniers jours, \u00e0 la hausse des prix des produits alimentaires. Les p\u00e2tes alimentaires commencent \u00e0 se rar\u00e9fier dans les \u00e9tales. Les consommateurs alg\u00e9riens restent interloqu\u00e9s par cette tournure et commencent m\u00eame \u00e0 exprimer leur col\u00e8re. Par ailleurs, dans le cadre de la lutte contre les risques de propagation du coronavirus, le m\u00eame responsable a insist\u00e9 sur la n\u00e9cessit\u00e9 pour les boulangers et les restaurants d\u2019utiliser des gants, \u00ab ainsi que pour l\u2019ensemble des commer\u00e7ants qui vendent des produits non emball\u00e9s \u00bb. Enfin le pr\u00e9sident d\u2019ANCA a mis en garde contre le retour au confinement total, si la situation ne s\u2019am\u00e9liore pas. Toutefois, Boulenouar, a affirm\u00e9 que tous les commerces seront ouverts durant cette p\u00e9riode.<\/div>\n<\/div>\n<p>Auteur: Nadine<br \/>\n<a href=\"https:\/\/www.reflexiondz.net\/RUMEURS-SUR-UNE-EVENTUELLE-CRISE-DE-LA-SEMOULE-Le-president-de-l-ANCA-reagit_a66390.html\">Cliquez ici pour lire l&rsquo;article depuis sa source.<\/a><\/p>\n","protected":false},"excerpt":{"rendered":"<p>Le pr\u00e9sident de l\u2019association nationale les commer\u00e7ants et artisans (Anca) El Hadj Tahar Boulenouar, a r\u00e9agi aux rumeurs ayant circul\u00e9 ces derniers jours sur une \u00e9ventuelle crise de la semoule. \u00ab La disponibilit\u00e9 des produits alimentaires de premi\u00e8re n\u00e9cessit\u00e9 s\u2019\u00e9tend jusqu\u2019\u00e0 six mois \u00e0 un an pour certains produits, ce qui ne justifie pas l\u2019augmentation [&hellip;]<\/p>\n","protected":false},"author":1740,"featured_media":0,"comment_status":"closed","ping_status":"closed","sticky":false,"template":"","format":"standard","meta":{"fifu_image_url":"","fifu_image_alt":"","footnotes":""},"categories":[53,76],"tags":[],"class_list":["post-105414","post","type-post","status-publish","format-standard","hentry","category-algerie","category-regions"],"_links":{"self":[{"href":"https:\/\/linitiative.ca\/International\/wp-json\/wp\/v2\/posts\/105414","targetHints":{"allow":["GET"]}}],"collection":[{"href":"https:\/\/linitiative.ca\/International\/wp-json\/wp\/v2\/posts"}],"about":[{"href":"https:\/\/linitiative.ca\/International\/wp-json\/wp\/v2\/types\/post"}],"author":[{"embeddable":true,"href":"https:\/\/linitiative.ca\/International\/wp-json\/wp\/v2\/users\/1740"}],"replies":[{"embeddable":true,"href":"https:\/\/linitiative.ca\/International\/wp-json\/wp\/v2\/comments?post=105414"}],"version-history":[{"count":0,"href":"https:\/\/linitiative.ca\/International\/wp-json\/wp\/v2\/posts\/105414\/revisions"}],"wp:attachment":[{"href":"https:\/\/linitiative.ca\/International\/wp-json\/wp\/v2\/media?parent=105414"}],"wp:term":[{"taxonomy":"category","embeddable":true,"href":"https:\/\/linitiative.ca\/International\/wp-json\/wp\/v2\/categories?post=105414"},{"taxonomy":"post_tag","embeddable":true,"href":"https:\/\/linitiative.ca\/International\/wp-json\/wp\/v2\/tags?post=105414"}],"curies":[{"name":"wp","href":"https:\/\/api.w.org\/{rel}","templated":true}]}}