{"id":105415,"date":"2020-11-22T10:39:00","date_gmt":"2020-11-22T15:39:00","guid":{"rendered":"https:\/\/linitiative.ca\/International\/ouverture-des-pharmacies-dans-les-zones-dombre-le-ministere-de-la-sante-annonce-de-nouvelles-procedures\/"},"modified":"2020-11-22T10:39:00","modified_gmt":"2020-11-22T15:39:00","slug":"ouverture-des-pharmacies-dans-les-zones-dombre-le-ministere-de-la-sante-annonce-de-nouvelles-procedures","status":"publish","type":"post","link":"https:\/\/linitiative.ca\/International\/ouverture-des-pharmacies-dans-les-zones-dombre-le-ministere-de-la-sante-annonce-de-nouvelles-procedures\/","title":{"rendered":"OUVERTURE DES PHARMACIES DANS LES ZONES D\u2019OMBRE : Le minist\u00e8re de la sant\u00e9 annonce  de nouvelles proc\u00e9dures"},"content":{"rendered":"<p><br id=\"sep_para_1\" class=\"sep_para access\"\/><\/p>\n<div id=\"para_1\" class=\"para_39619975 resize\">\n<div class=\"texte access firstletter\">Le minist\u00e8re de la sant\u00e9 a confirm\u00e9 le lancement de la r\u00e9vision de la loi sur l\u2019ouverture et la transformation des pharmacies, en pr\u00e9parant de nouveaux textes r\u00e9glementaires qui d\u00e9finissent les conditions d\u2019ouverture des pharmacies et d\u2019octroi de l\u2019agr\u00e9ment. En r\u00e9ponse aux demandes des pharmaciens, le ministre de la Sant\u00e9 Abderrahmane Benbouzid, a confirm\u00e9 dans une r\u00e9ponse \u00e9crite \u00e0 la question du d\u00e9put\u00e9 Messaoud Amraoui que son secteur \u00e9tudie un projet d\u2019ouverture des pharmacies dans les zones d\u2019ombre. Selon le ministre, les textes r\u00e9glementaires sp\u00e9cifiques aux conditions d\u2019ouverture ou de transformation des pharmacies priv\u00e9es seront revus, ainsi que les proc\u00e9dures suivies pour accorder l\u2019agr\u00e9ment des demandes croissantes \u00e0 cet \u00e9gard. Benbouzid, a soulign\u00e9 que la pr\u00e9paration de ces textes se ferait dans un avenir rapproch\u00e9 le plus possible. Il a \u00e9galement expliqu\u00e9, que la pr\u00e9paration de cette revue est venue dans le but de mettre fin aux obstacles auxquels sont confront\u00e9s les dipl\u00f4m\u00e9s universitaires pour obtenir des cr\u00e9dits pour ouvrir des pharmacies priv\u00e9es et r\u00e9pondre aux besoins de la population, notamment dans les zones d\u2019ombre.\u00a0\u00a0<\/div>\n<\/div>\n<p>Auteur: Nadine<br \/>\n<a href=\"https:\/\/www.reflexiondz.net\/OUVERTURE-DES-PHARMACIES-DANS-LES-ZONES-D-OMBRE-Le-ministere-de-la-sante-annonce-de-nouvelles-procedures_a66389.html\">Cliquez ici pour lire l&rsquo;article depuis sa source.<\/a><\/p>\n","protected":false},"excerpt":{"rendered":"<p>Le minist\u00e8re de la sant\u00e9 a confirm\u00e9 le lancement de la r\u00e9vision de la loi sur l\u2019ouverture et la transformation des pharmacies, en pr\u00e9parant de nouveaux textes r\u00e9glementaires qui d\u00e9finissent les conditions d\u2019ouverture des pharmacies et d\u2019octroi de l\u2019agr\u00e9ment. En r\u00e9ponse aux demandes des pharmaciens, le ministre de la Sant\u00e9 Abderrahmane Benbouzid, a confirm\u00e9 dans [&hellip;]<\/p>\n","protected":false},"author":1740,"featured_media":0,"comment_status":"closed","ping_status":"closed","sticky":false,"template":"","format":"standard","meta":{"fifu_image_url":"","fifu_image_alt":"","footnotes":""},"categories":[53,76],"tags":[],"class_list":["post-105415","post","type-post","status-publish","format-standard","hentry","category-algerie","category-regions"],"_links":{"self":[{"href":"https:\/\/linitiative.ca\/International\/wp-json\/wp\/v2\/posts\/105415","targetHints":{"allow":["GET"]}}],"collection":[{"href":"https:\/\/linitiative.ca\/International\/wp-json\/wp\/v2\/posts"}],"about":[{"href":"https:\/\/linitiative.ca\/International\/wp-json\/wp\/v2\/types\/post"}],"author":[{"embeddable":true,"href":"https:\/\/linitiative.ca\/International\/wp-json\/wp\/v2\/users\/1740"}],"replies":[{"embeddable":true,"href":"https:\/\/linitiative.ca\/International\/wp-json\/wp\/v2\/comments?post=105415"}],"version-history":[{"count":0,"href":"https:\/\/linitiative.ca\/International\/wp-json\/wp\/v2\/posts\/105415\/revisions"}],"wp:attachment":[{"href":"https:\/\/linitiative.ca\/International\/wp-json\/wp\/v2\/media?parent=105415"}],"wp:term":[{"taxonomy":"category","embeddable":true,"href":"https:\/\/linitiative.ca\/International\/wp-json\/wp\/v2\/categories?post=105415"},{"taxonomy":"post_tag","embeddable":true,"href":"https:\/\/linitiative.ca\/International\/wp-json\/wp\/v2\/tags?post=105415"}],"curies":[{"name":"wp","href":"https:\/\/api.w.org\/{rel}","templated":true}]}}