{"id":105416,"date":"2020-11-22T10:39:00","date_gmt":"2020-11-22T15:39:00","guid":{"rendered":"https:\/\/linitiative.ca\/International\/le-ministre-belhimer-affirme-le-cadre-juridique-du-secteur-de-la-communication-sera-revu\/"},"modified":"2020-11-22T10:39:00","modified_gmt":"2020-11-22T15:39:00","slug":"le-ministre-belhimer-affirme-le-cadre-juridique-du-secteur-de-la-communication-sera-revu","status":"publish","type":"post","link":"https:\/\/linitiative.ca\/International\/le-ministre-belhimer-affirme-le-cadre-juridique-du-secteur-de-la-communication-sera-revu\/","title":{"rendered":"LE MINISTRE BELHIMER  AFFIRME  : Le cadre juridique du secteur de la communication sera revu"},"content":{"rendered":"<p><br id=\"sep_para_1\" class=\"sep_para access\"\/><\/p>\n<div id=\"para_1\" class=\"para_39619971 resize\">\n<div class=\"texte access firstletter\">En effet, dans un entretien diffus\u00e9 sur le site \u00e9lectronique \u00abInter News\u00bb, le ministre a fait savoir que son d\u00e9partement avait\u00a0 lanc\u00e9 la mise en \u0153uvre de ce programme \u00e0 travers des activit\u00e9s et des rencontres, dont l\u2019organisation d\u2019ateliers th\u00e9matiques, sauf que ces activit\u00e9s ont \u00e9t\u00e9 report\u00e9es, en raison de la conjoncture sanitaire due \u00e0 la propagation de la pand\u00e9mie du nouveau coronavirus. \u00abNous tentons de trouver des formules alternatives pour poursuivre les r\u00e9formes\u00bb, a-t-il dit. \u00abIl faut prendre en consid\u00e9ration que les r\u00e9formes arr\u00eat\u00e9es par le minist\u00e8re de la Communication d\u00e9pendent d\u00e9sormais de la r\u00e9vision de la Constitution et de ce qui en d\u00e9coulera comme lois organiques et lois ordinaires\u00bb, consid\u00e8re M. Belhimer. Pour ce qui est de la carte de presse professionnelle, le ministre a pr\u00e9cis\u00e9 que cela exige l\u2019\u00e9laboration d\u2019un arr\u00eat\u00e9 portant cr\u00e9ation d&rsquo;une commission provisoire charg\u00e9e de l\u2019attribution de la carte et l\u2019organisation d\u2019\u00e9lections pour l\u2019installation d\u2019une commission permanente charg\u00e9e de l\u2019attribution de la carte de presse professionnelle. A une question sur les lois r\u00e9gissant le secteur et \u00able retard\u00bb dans la publication du cahier des charges de l\u2019audiovisuel, le ministre a pr\u00e9cis\u00e9 que les textes r\u00e9gissant l\u2019audiovisuel \u00abexistent\u00bb, rappelant qu\u2019ils ont \u00e9t\u00e9 publi\u00e9s en 2016. Le ministre a rappel\u00e9, \u00e0 ce propos, le d\u00e9cret ex\u00e9cutif 16-220 du 11 ao\u00fbt 2016 fixant les conditions et les modalit\u00e9s de mise en \u0153uvre de l&rsquo;appel \u00e0 candidature pour l&rsquo;octroi de l&rsquo;autorisation de cr\u00e9ation d&rsquo;un service de communication audiovisuelle th\u00e9matique, ainsi que le d\u00e9cret ex\u00e9cutif 16-222 du 11 ao\u00fbt 2016 portant cahier des charges g\u00e9n\u00e9rales fixant les r\u00e8gles imposables \u00e0 tout service de diffusion t\u00e9l\u00e9visuelle ou de diffusion sonore. M. Belhimer a annonc\u00e9 que le secteur de la communication \u00aba entrepris l\u2019\u00e9laboration du projet de d\u00e9cret ex\u00e9cutif r\u00e9gissant l\u2019activit\u00e9 des agences de communication, aussi bien que du projet d\u2019arr\u00eat\u00e9 portant appel \u00e0 candidature pour l\u2019ouverture de services audiovisuels de droit alg\u00e9rien, diffus\u00e9s via le satellite alg\u00e9rien \u2018ALCOM SAT1\u2019 \u00bb.<\/div>\n<\/div>\n<p>Auteur: Ismain<br \/>\n<a href=\"https:\/\/www.reflexiondz.net\/LE-MINISTRE-BELHIMER-AFFIRME-Le-cadre-juridique-du-secteur-de-la-communication-sera-revu_a66388.html\">Cliquez ici pour lire l&rsquo;article depuis sa source.<\/a><\/p>\n","protected":false},"excerpt":{"rendered":"<p>En effet, dans un entretien diffus\u00e9 sur le site \u00e9lectronique \u00abInter News\u00bb, le ministre a fait savoir que son d\u00e9partement avait\u00a0 lanc\u00e9 la mise en \u0153uvre de ce programme \u00e0 travers des activit\u00e9s et des rencontres, dont l\u2019organisation d\u2019ateliers th\u00e9matiques, sauf que ces activit\u00e9s ont \u00e9t\u00e9 report\u00e9es, en raison de la conjoncture sanitaire due \u00e0 [&hellip;]<\/p>\n","protected":false},"author":1740,"featured_media":0,"comment_status":"closed","ping_status":"closed","sticky":false,"template":"","format":"standard","meta":{"fifu_image_url":"","fifu_image_alt":"","footnotes":""},"categories":[53,76],"tags":[],"class_list":["post-105416","post","type-post","status-publish","format-standard","hentry","category-algerie","category-regions"],"_links":{"self":[{"href":"https:\/\/linitiative.ca\/International\/wp-json\/wp\/v2\/posts\/105416","targetHints":{"allow":["GET"]}}],"collection":[{"href":"https:\/\/linitiative.ca\/International\/wp-json\/wp\/v2\/posts"}],"about":[{"href":"https:\/\/linitiative.ca\/International\/wp-json\/wp\/v2\/types\/post"}],"author":[{"embeddable":true,"href":"https:\/\/linitiative.ca\/International\/wp-json\/wp\/v2\/users\/1740"}],"replies":[{"embeddable":true,"href":"https:\/\/linitiative.ca\/International\/wp-json\/wp\/v2\/comments?post=105416"}],"version-history":[{"count":0,"href":"https:\/\/linitiative.ca\/International\/wp-json\/wp\/v2\/posts\/105416\/revisions"}],"wp:attachment":[{"href":"https:\/\/linitiative.ca\/International\/wp-json\/wp\/v2\/media?parent=105416"}],"wp:term":[{"taxonomy":"category","embeddable":true,"href":"https:\/\/linitiative.ca\/International\/wp-json\/wp\/v2\/categories?post=105416"},{"taxonomy":"post_tag","embeddable":true,"href":"https:\/\/linitiative.ca\/International\/wp-json\/wp\/v2\/tags?post=105416"}],"curies":[{"name":"wp","href":"https:\/\/api.w.org\/{rel}","templated":true}]}}