{"id":105434,"date":"2020-11-22T17:16:31","date_gmt":"2020-11-22T22:16:31","guid":{"rendered":"https:\/\/linitiative.ca\/International\/aeroport-de-tunis-carthage-de-quelle-distanciation-et-de-quel-protocole-parlent-ils\/"},"modified":"2020-11-22T17:16:31","modified_gmt":"2020-11-22T22:16:31","slug":"aeroport-de-tunis-carthage-de-quelle-distanciation-et-de-quel-protocole-parlent-ils","status":"publish","type":"post","link":"https:\/\/linitiative.ca\/International\/aeroport-de-tunis-carthage-de-quelle-distanciation-et-de-quel-protocole-parlent-ils\/","title":{"rendered":"A\u00e9roport de Tunis Carthage\u00a0: De quelle distanciation et de quel protocole parlent-ils"},"content":{"rendered":"<div class=\"post-cont-in left relative\">\n<div id=\"post-info-wrap\" class=\"left relative post-info-out\">\n<div class=\"post-info-img left relative\"><img loading=\"lazy\" decoding=\"async\" alt=\"\" src=\"https:\/\/secure.gravatar.com\/avatar\/96253f4a657b482a18e837c1252096c2?s=50&amp;d=mm&amp;r=g\" srcset=\"https:\/\/secure.gravatar.com\/avatar\/96253f4a657b482a18e837c1252096c2?s=100&amp;d=mm&amp;r=g 2x\" class=\"avatar avatar-50 photo\" height=\"50\" width=\"50\"\/><\/div>\n<div class=\"post-info-in\">\n<div class=\"post-info-right left relative post-info-name left relative\"><span itemprop=\"author\" itemscope=\"\" itemtype=\"https:\/\/schema.org\/Person\"><span class=\"post-info-text\">Par<\/span> <span class=\"author-name vcard fn author\" itemprop=\"name\"><a href=\"https:\/\/www.tunisienumerique.com\/author\/saber\/\" title=\"Articles par Saber .\" rel=\"author\">Saber .<\/a><\/span><\/span> <span class=\"post-date updated\"><time class=\"post-date updated\" itemprop=\"datePublished\" datetime=\"2020-11-22\">\u00a0| Il y a 1 minute<\/time><\/span><\/div>\n<div class=\"left relative\"><button id=\"listenButton1\" class=\"responsivevoice-button\" type=\"button\" value=\"Play\" title=\"&#xC9;coutez l'article\"><span>\ud83d\udd0a \u00c9coutez l&rsquo;article<\/span><\/button> <\/div>\n<\/div>\n<\/div>\n<p>Les voyageurs arriv\u00e9s, ce dimanche soir, \u00e0 l\u2019a\u00e9roport de Tunis Carthage, en provenance d\u2019un a\u00e9roport fran\u00e7ais, ont eu droit \u00e0 une d\u00e9monstration satirique du protocole sanitaire.<\/p>\n<div class=\"code-block code-block-1 c4\"><ins class=\"adsbygoogle c3\" data-ad-layout=\"in-article\" data-ad-format=\"fluid\" data-ad-client=\"ca-pub-2102118777505746\" data-ad-slot=\"7301775417\"\/> <\/div>\n<p>En effet, apr\u00e8s avoir effectu\u00e9 le vol, dans le respect total du protocole sanitaire, aussi bien de la part des membres de l\u2019\u00e9quipage que des passagers. Ces derniers, en descendant sur le tarmac de l\u2019a\u00e9roport de Tunis Carthage, ont trouv\u00e9 un bus \u00e0 leur attente au pied de l\u2019avion.<\/p>\n<p>Ils ont, alors, eu la surprise de se voir embarquer \u00e0 plus de quarante personnes dans le m\u00eame bus. O\u00f9 ils ont \u00e9t\u00e9 oblig\u00e9s de rester entass\u00e9s les uns sur les autres, durant de longues minutes.<\/p>\n<p>Une fois arriv\u00e9s au terminal, ils ont eu une autre surprise, qui est celle de trouver le personnel qui leur demandait de respecter la distanciation sociale avant de se faire mesurer la temp\u00e9rature et de pr\u00e9senter les r\u00e9sultats de leurs tests. C\u2019\u00e9tait pour eux, en effet, une surprise, puisqu\u2019ils trouvaient absurde qu\u2019on leur demande de s\u2019en tenir aux r\u00e8gles de distanciation sociale, alors que quelques minutes plus t\u00f4t, les m\u00eames autorit\u00e9s les avaient entass\u00e9s dans un bus unique.<\/p>\n<p>D\u00e9cid\u00e9ment, ces d\u00e9cideurs dans notre pauvre pays, n\u2019ont pas compris que la lutte contre le covid est l\u2019affaire de tout le monde et une action de tous les instants. Car, il est absurde d\u2019imposer les mesures du protocole sanitaire aux voyageurs dans l\u2019avion, et dans le terminal de l\u2019a\u00e9roport, alors qu\u2019entre les deux, ce sont les autorit\u00e9s m\u00eame qui sont sens\u00e9es faire respecter ce protocole, qui les obligent \u00e0 \u00eatre en infraction envers ce protocole.<\/p>\n<p>En r\u00e9sum\u00e9, pour les voyageurs qui arrivent \u00e0 Tunis, la Tunisair remplit sa part du contrat en imposant le respect du protocole sanitaire \u00e0 bord de ses appareils, et le minist\u00e8re de la sant\u00e9 s\u2019acquitte, lui aussi, de son r\u00f4le dans ce domaine, en mettant en place tout un dispositif de contr\u00f4le\u00a0 et de d\u00e9pistage, et entre les deux, il y a l\u2019OACA qui se moque royalement de ces mesures et qui ne prend pas la peine de mobiliser deux bus, ni de charger le chauffeur d\u2019effectuer deux navettes pour pr\u00e9server la sant\u00e9 des citoyens et respecter le protocole sanitaire.<\/p>\n<p>De quel protocole, et de quelle distanciation sociale, nous parle-t-on\u00a0?<\/p>\n<div class=\"swp_social_panel swp_horizontal_panel swp_flat_fresh swp_default_full_color swp_individual_full_color swp_other_full_color scale-100 scale-\" data-min-width=\"1100\" data-float-color=\"#ffffff\" data-float=\"bottom\" data-float-mobile=\"bottom\" data-transition=\"slide\">\n<div class=\"nc_tweetContainer swp_share_button total_shares total_sharesalt\"><span class=\"swp_count\">1 <span class=\"swp_label\">Partages<\/span><\/span><\/div>\n<\/div>\n<p><strong>Que se passe-t-il en Tunisie?<\/strong><br \/>Nous expliquons sur notre <a href=\"https:\/\/www.youtube.com\/channel\/UCRzypVq0B_yBad5eGrwBx0Q?sub_confirmation=1\" target=\"_blank\" rel=\"noopener noreferrer\">cha\u00eene YouTube<\/a> . <a href=\"https:\/\/www.youtube.com\/channel\/UCRzypVq0B_yBad5eGrwBx0Q?sub_confirmation=1\" target=\"_blank\" rel=\"noopener noreferrer\">Abonnez-vous!<\/a><\/p>\n<div class=\"mvp-org-wrap mvp-org-logo\" itemprop=\"publisher\" itemscope=\"\" itemtype=\"https:\/\/schema.org\/Organization\"><img decoding=\"async\" src=\"https:\/\/www.tunisienumerique.com\/wp-content\/uploads\/2017\/02\/logo_tunisie_numerique.png\"\/><\/div>\n<div class=\"mvp-related-posts left relative\">\n<h4 class=\"post-header\"><span class=\"post-header\">Lire aussi<\/span><\/h4>\n<\/div>\n<div id=\"article-ad\"><ins class=\"adsbygoogle c5\" data-ad-client=\"ca-pub-2102118777505746\" data-ad-slot=\"6513972734\" data-ad-format=\"auto\" data-full-width-responsive=\"true\"\/> <\/div>\n<\/div>\n<div id=\"post-sidebar-wrap\"><ins class=\"adsbygoogle c5\" data-ad-client=\"ca-pub-2102118777505746\" data-ad-slot=\"6168283410\" data-ad-format=\"auto\" data-full-width-responsive=\"true\"\/> <\/div>\n<p>Auteur: Saber .<br \/>\n<a href=\"https:\/\/www.tunisienumerique.com\/aeroport-de-tunis-carthage-de-quelle-distanciation-et-de-quel-protocole-parlent-ils\/\">Cliquez ici pour lire l&rsquo;article depuis sa source.<\/a><\/p>\n","protected":false},"excerpt":{"rendered":"<p>Par Saber . \u00a0| Il y a 1 minute \ud83d\udd0a \u00c9coutez l&rsquo;article Les voyageurs arriv\u00e9s, ce dimanche soir, \u00e0 l\u2019a\u00e9roport de Tunis Carthage, en provenance d\u2019un a\u00e9roport fran\u00e7ais, ont eu droit \u00e0 une d\u00e9monstration satirique du protocole sanitaire. En effet, apr\u00e8s avoir effectu\u00e9 le vol, dans le respect total du protocole sanitaire, aussi bien de [&hellip;]<\/p>\n","protected":false},"author":1789,"featured_media":0,"comment_status":"closed","ping_status":"closed","sticky":false,"template":"","format":"standard","meta":{"fifu_image_url":"","fifu_image_alt":"","footnotes":""},"categories":[73,55],"tags":[],"class_list":["post-105434","post","type-post","status-publish","format-standard","hentry","category-actualite","category-tunisie"],"_links":{"self":[{"href":"https:\/\/linitiative.ca\/International\/wp-json\/wp\/v2\/posts\/105434","targetHints":{"allow":["GET"]}}],"collection":[{"href":"https:\/\/linitiative.ca\/International\/wp-json\/wp\/v2\/posts"}],"about":[{"href":"https:\/\/linitiative.ca\/International\/wp-json\/wp\/v2\/types\/post"}],"author":[{"embeddable":true,"href":"https:\/\/linitiative.ca\/International\/wp-json\/wp\/v2\/users\/1789"}],"replies":[{"embeddable":true,"href":"https:\/\/linitiative.ca\/International\/wp-json\/wp\/v2\/comments?post=105434"}],"version-history":[{"count":0,"href":"https:\/\/linitiative.ca\/International\/wp-json\/wp\/v2\/posts\/105434\/revisions"}],"wp:attachment":[{"href":"https:\/\/linitiative.ca\/International\/wp-json\/wp\/v2\/media?parent=105434"}],"wp:term":[{"taxonomy":"category","embeddable":true,"href":"https:\/\/linitiative.ca\/International\/wp-json\/wp\/v2\/categories?post=105434"},{"taxonomy":"post_tag","embeddable":true,"href":"https:\/\/linitiative.ca\/International\/wp-json\/wp\/v2\/tags?post=105434"}],"curies":[{"name":"wp","href":"https:\/\/api.w.org\/{rel}","templated":true}]}}