{"id":105435,"date":"2020-11-22T13:47:21","date_gmt":"2020-11-22T18:47:21","guid":{"rendered":"https:\/\/linitiative.ca\/International\/double-scrutin-du-22-novembre-2020\/"},"modified":"2020-11-22T13:47:21","modified_gmt":"2020-11-22T18:47:21","slug":"double-scrutin-du-22-novembre-2020","status":"publish","type":"post","link":"https:\/\/linitiative.ca\/International\/double-scrutin-du-22-novembre-2020\/","title":{"rendered":"DOUBLE SCRUTIN DU 22 NOVEMBRE 2020"},"content":{"rendered":"<div class=\"stream-item stream-item-above-post-content\">\n<p><noscript><\/p>\n<p><a href=\"\/\/www3.smartadserver.com\/ac?jump=1&amp;nwid=2136&amp;siteid=240610&amp;pgname=rg&amp;fmtid=49046&amp;visit=m&amp;tmstp=[timestamp]&amp;out=nonrich\" target=\"_blank\" rel=\"noopener noreferrer\"><img decoding=\"async\" src=\"http:\/\/www3.smartadserver.com\/ac?out=nonrich&amp;nwid=2136&amp;siteid=240610&amp;pgname=rg&amp;fmtid=49046&amp;visit=m&amp;tmstp=[timestamp]\" border=\"0\" alt=\"\"\/><\/a><\/p>\n<p><\/noscript><\/div>\n<p class=\"c3\"><em>Les \u00e9lections pr\u00e9sidentielle et l\u00e9gislatives organis\u00e9es le 22 novembre au Burkina Faso, \u00a0se sont globalement bien d\u00e9roul\u00e9es au regard des longues files d\u2019\u00e9lecteurs qui se succ\u00e9daient dans les bureaux de vote, partout o\u00f9 ces derniers \u00e9taient ouverts sur le territoire national. L\u2019organisation de ce double scrutin \u00e9tait une v\u00e9ritable gageure dans le contexte actuel du Burkina, qui est depuis 2016, le th\u00e9\u00e2tre d\u2019attaques djihadistes et de d\u00e9fiances communautaires ayant engendr\u00e9 pr\u00e8s de 2000 morts et plus d\u2019un million de d\u00e9plac\u00e9s, contraints de se mettre \u00ab\u00a0au vert\u00a0\u00bb\u00a0 dans d\u2019autres parties du territoire encore sous le contr\u00f4le de l\u2019Etat. Au finish, il y a eu plus de peur que de mal comme qui dirait, et les treize candidats \u00e0 la magistrature supr\u00eame et la dizaine de milliers de postulants \u00e0 la d\u00e9putation ont pu se d\u00e9fier aupr\u00e8s des six millions cinq cent mille \u00e9lecteurs potentiels, \u00e0 coups de piques et de rodomontades, le tout dans une ambiance plut\u00f4t bon enfant. C\u2019est justement ce calme et cette maturit\u00e9 politique des diff\u00e9rents acteurs malgr\u00e9 les enjeux qui ont probablement eu raison du stress\u00a0 chez les \u00e9lecteurs dont on pensait qu\u2019ils allaient rester sur le qui-vive et chez eux le jour du scrutin, par instinct de survie.<\/em><\/p>\n<p class=\"c3\"><em>\u00a0<\/em><\/p>\n<p class=\"c4\"><strong><em>On esp\u00e8re que les vainqueurs de ce double scrutin se mettront vite \u00e0 la t\u00e2che<\/em><\/strong><\/p>\n<p class=\"c3\"><em>\u00a0<\/em><\/p>\n<p class=\"c3\"><em>\u00a0<\/em><\/p>\n<p class=\"c3\"><em>Du coup, la journ\u00e9e \u00e9lectorale d\u2019hier a \u00e9t\u00e9 l\u2019une des plus anim\u00e9e de l\u2019histoire du Burkina, et il ne serait pas \u00e9tonnant que malgr\u00e9 les risques s\u00e9curitaires, les couacs et le dilettantisme manifeste de certains agents \u00e9lectoraux, le taux de participation batte tous les records, depuis le retour de notre pays \u00e0 une vie constitutionnelle au d\u00e9but de la d\u00e9cennie 90. Chapeau bas donc \u00e0 la Commission \u00e9lectorale, aux 50\u00a0000 agents de s\u00e9curit\u00e9 d\u00e9ploy\u00e9s sur le terrain et \u00e0 leurs suppl\u00e9tifs, mais \u00ab\u00a0youyou\u00a0\u00bb aussi \u00e0 l\u2019ensemble de la classe politique qui a quadrill\u00e9 les zones accessibles du territoire national en pr\u00eachant pour la paix et la r\u00e9conciliation nationale. C\u2019est vrai qu\u2019on peut et qu\u2019on doit s\u2019offusquer de la d\u00e9bauche de moyens financiers \u00e0 la limite insultante, qui tranche avec la mis\u00e8re dans laquelle des milliers de nos compatriotes courtis\u00e9s ont sombr\u00e9, mais on peut la comprendre quand on sait que cette corruption \u00e9lectorale qui ne dit pas son nom est quasiment une \u00ab\u00a0marque d\u00e9pos\u00e9e\u00a0\u00bb pour tous les acteurs politiques chez nous et plus globalement en Afrique. Toutefois, on aurait mieux fait si on avait utilis\u00e9 une bonne partie de la cagnotte pour venir davantage en aide aux d\u00e9plac\u00e9s internes qui en ont tant besoin, et pour pr\u00e9venir les risques de propagation de la maladie \u00e0 coronavirus \u00e0 l\u2019occasion de ces grands rassemblements, en mettant dans chaque bureau de vote des dispositifs de lavage des mains et des d\u00e9sinfectants alcoolis\u00e9s. Il n\u2019en a rien \u00e9t\u00e9 simplement parce que les candidats n\u2019avaient visiblement pour th\u00e8mes de campagne que la s\u00e9curit\u00e9 et la r\u00e9conciliation nationale, qui, si elles \u00e9taient effectives, faciliteraient le r\u00e8glement des probl\u00e8mes li\u00e9s \u00e0 l\u2019exil int\u00e9rieur de certains de nos compatriotes et l\u2019\u00e9radication de la pand\u00e9mie. On esp\u00e8re que les vainqueurs de ce double scrutin se mettront vite \u00e0 la t\u00e2che, et que le Burkina Faso en sortira encore une fois par le haut.<\/em><\/p>\n<p class=\"c3\"><em>\u00a0<\/em><\/p>\n<p class=\"c4\"><strong><em>Tous les regards sont tourn\u00e9s vers la Commission \u00e9lectorale<\/em><\/strong><\/p>\n<p class=\"c3\"><em>\u00a0<\/em><\/p>\n<p class=\"c3\"><em>\u00a0Toutefois, c\u2019est plus facile \u00e0 dire qu\u2019\u00e0 faire, et les signes de f\u00e9brilit\u00e9, d\u2019incertitudes et de suspicions qui font jour de part et d\u2019autre, ne sont pas annonciateurs d\u2019une p\u00e9riode post-\u00e9lectorale paisible, \u00e0 l\u2019image de celle que nous avons v\u00e9cue et salu\u00e9e en 2015. Depuis quelques jours, en effet, si ce n\u2019est pas l\u2019opposition qui rue dans les brancards en raison des fraudes r\u00e9elles ou suppos\u00e9es organis\u00e9es par le parti au pouvoir, c\u2019est ce dernier qui se moque des arguments simplistes et effarants des \u00ab\u00a0loosers\u00a0\u00bb de l\u2019opposition. Les deux camps semblent pr\u00e9parer les esprits \u00e0 des batailles rang\u00e9es, tr\u00e8s d\u00e9vastatrices pour l\u2019image pourtant idyllique de notre pays en mati\u00e8re de d\u00e9mocratie. On esp\u00e8re que ces batailles seront judiciaires ou argumentaires \u00e0 l\u2019Assembl\u00e9e nationale, et que les ego ou la boulimie du pouvoir des uns et des autres ne vont pas d\u00e9chirer davantage notre tissu social que chacun d\u2019eux a pourtant promis de rafistoler en cas de victoire. Il appartient aux leaders politiques et aux instances de r\u00e9gulation ou de r\u00e8glement de crise, d\u2019anticiper et de s\u2019investir afin de refr\u00e9ner les ardeurs de certains militants d\u00e9j\u00e0 chauff\u00e9s \u00e0 blanc, pour qu\u2019ils n\u2019entrainent pas le pays avec eux dans l\u2019ab\u00eeme. En attendant les r\u00e9sultats de cette pr\u00e9sidentielle et de ces l\u00e9gislatives qui risquent d\u2019\u00eatre tr\u00e8s serr\u00e9s en raison du gabarit politique des principaux candidats, tous les regards sont tourn\u00e9s vers la Commission \u00e9lectorale qui a promis de ne pas laisser durer le suspense au risque d\u2019exacerber les doutes et les suspicions r\u00e9ciproques, mais aussi vers la Justice qui a invit\u00e9 ceux qui ont int\u00e9r\u00eat \u00e0 agir \u00e0 d\u00e9poser des plaintes en cas de fraudes av\u00e9r\u00e9es, en ajoutant qu\u2019elle se fera le devoir de statuer suivant la proc\u00e9dure de flagrant d\u00e9lit. Si chacun joue bien son r\u00f4le, on ne devrait pas tarder \u00e0 avoir les r\u00e9sultats qui mettront un terme au processus \u00e9lectoral, \u00e0 moins qu\u2019il n\u2019y ait un second tour \u00e0 la pr\u00e9sidentielle dont certains observateurs et analystes n\u2019\u00e9cartent pas l\u2019hypoth\u00e8se.\u00a0 C\u2019est vrai qu\u2019au regard des foules drain\u00e9es par les uns et les autres \u00e0 l\u2019occasion des meetings, il est tentant d\u2019anticiper le r\u00e9sultat de la pr\u00e9sidentielle dont le vainqueur sortira, \u00e0 moins d\u2019un incroyable retournement de situation, du tierc\u00e9 dont on n\u2019a pas besoin de donner la liste des membres pour que chacun s\u2019en fasse une id\u00e9e. Quant aux l\u00e9gislatives, on ne peut que se r\u00e9soudre \u00e0 faire un improbable calcul de probabilit\u00e9s, et seuls les sp\u00e9cialistes en art divinatoire du Gulmu pourront vous r\u00e9v\u00e9ler au moment o\u00f9 vous lirez ces lignes, qui de l\u2019opposition ou de la majorit\u00e9 pr\u00e9sidentielle tiendra les r\u00eanes de la future Assembl\u00e9e nationale, dont on sait par avance qu\u2019elle sera forc\u00e9ment aux couleurs \u00a0de l\u2019arc-en-ciel.<\/em><\/p>\n<p class=\"c3\"><em>\u00a0<\/em><\/p>\n<p class=\"c4\"><strong><em>\u00ab\u00a0Le Pays\u00a0\u00bb<\/em><\/strong><\/p>\n<p>Auteur: Le Pays<br \/>\n<a href=\"http:\/\/lepays.bf\/double-scrutin-du-22-novembre-2020\/\">Cliquez ici pour lire l&rsquo;article depuis sa source.<\/a><\/p>\n","protected":false},"excerpt":{"rendered":"<p>Les \u00e9lections pr\u00e9sidentielle et l\u00e9gislatives organis\u00e9es le 22 novembre au Burkina Faso, \u00a0se sont globalement bien d\u00e9roul\u00e9es au regard des longues files d\u2019\u00e9lecteurs qui se succ\u00e9daient dans les bureaux de vote, partout o\u00f9 ces derniers \u00e9taient ouverts sur le territoire national. L\u2019organisation de ce double scrutin \u00e9tait une v\u00e9ritable gageure dans le contexte actuel du [&hellip;]<\/p>\n","protected":false},"author":1813,"featured_media":0,"comment_status":"closed","ping_status":"closed","sticky":false,"template":"","format":"standard","meta":{"fifu_image_url":"","fifu_image_alt":"","footnotes":""},"categories":[73,81],"tags":[],"class_list":["post-105435","post","type-post","status-publish","format-standard","hentry","category-actualite","category-burkina-faso"],"_links":{"self":[{"href":"https:\/\/linitiative.ca\/International\/wp-json\/wp\/v2\/posts\/105435","targetHints":{"allow":["GET"]}}],"collection":[{"href":"https:\/\/linitiative.ca\/International\/wp-json\/wp\/v2\/posts"}],"about":[{"href":"https:\/\/linitiative.ca\/International\/wp-json\/wp\/v2\/types\/post"}],"author":[{"embeddable":true,"href":"https:\/\/linitiative.ca\/International\/wp-json\/wp\/v2\/users\/1813"}],"replies":[{"embeddable":true,"href":"https:\/\/linitiative.ca\/International\/wp-json\/wp\/v2\/comments?post=105435"}],"version-history":[{"count":0,"href":"https:\/\/linitiative.ca\/International\/wp-json\/wp\/v2\/posts\/105435\/revisions"}],"wp:attachment":[{"href":"https:\/\/linitiative.ca\/International\/wp-json\/wp\/v2\/media?parent=105435"}],"wp:term":[{"taxonomy":"category","embeddable":true,"href":"https:\/\/linitiative.ca\/International\/wp-json\/wp\/v2\/categories?post=105435"},{"taxonomy":"post_tag","embeddable":true,"href":"https:\/\/linitiative.ca\/International\/wp-json\/wp\/v2\/tags?post=105435"}],"curies":[{"name":"wp","href":"https:\/\/api.w.org\/{rel}","templated":true}]}}