{"id":105436,"date":"2020-11-22T13:50:56","date_gmt":"2020-11-22T18:50:56","guid":{"rendered":"https:\/\/linitiative.ca\/International\/crise-post-electorale-en-cote-divoire\/"},"modified":"2020-11-22T13:50:56","modified_gmt":"2020-11-22T18:50:56","slug":"crise-post-electorale-en-cote-divoire","status":"publish","type":"post","link":"https:\/\/linitiative.ca\/International\/crise-post-electorale-en-cote-divoire\/","title":{"rendered":"CRISE POST- ELECTORALE EN COTE D\u2019IVOIRE"},"content":{"rendered":"<div class=\"stream-item stream-item-above-post-content\">\n<p><noscript><\/p>\n<p><a href=\"\/\/www3.smartadserver.com\/ac?jump=1&amp;nwid=2136&amp;siteid=240610&amp;pgname=rg&amp;fmtid=49046&amp;visit=m&amp;tmstp=[timestamp]&amp;out=nonrich\" target=\"_blank\" rel=\"noopener noreferrer\"><img decoding=\"async\" src=\"http:\/\/www3.smartadserver.com\/ac?out=nonrich&amp;nwid=2136&amp;siteid=240610&amp;pgname=rg&amp;fmtid=49046&amp;visit=m&amp;tmstp=[timestamp]\" border=\"0\" alt=\"\"\/><\/a><\/p>\n<p><\/noscript><\/div>\n<p class=\"c3\"><em>Le 11 novembre dernier, le pr\u00e9sident Alassane Ouattara et le pr\u00e9sident du PDCI\u00a0 (Parti d\u00e9mocratique de C\u00f4te d\u2019Ivoire), Henri Konan B\u00e9di\u00e9, se sont rencontr\u00e9s \u00e0 Abidjan dans un H\u00f4tel hautement symbolique pour les deux, pour se parler \u00e0 l\u2019effet de faire baisser la grave tension politique qui r\u00e8gne dans le pays depuis que l\u2019enfant de Kong a choisi de renouveler pour la 3<sup>e<\/sup> fois, son bail au palais de Cocody. Tous les Ivoiriens et toutes les Ivoiriennes \u00e9pris de paix avaient l\u00e9gitimement fond\u00e9 leur espoir sur cette amorce de dialogue entreprise par les deux hommes. Cet espoir, peut-on dire, a\u00a0\u00a0\u00a0\u00a0\u00a0\u00a0\u00a0\u00a0 pris un coup le 20 novembre dernier. En effet, ce jour-l\u00e0, Henri Konan B\u00e9di\u00e9 a annonc\u00e9 officiellement ceci\u00a0: \u00ab\u00a0J\u2019ai suspendu ce dialogue, jusqu\u2019\u00e0 ce que nos fr\u00e8res soient lib\u00e9r\u00e9s\u00a0\u00bb. Et le Sphinx de Daoukro de pr\u00e9ciser que ces lib\u00e9rations sont des \u00ab\u00a0pr\u00e9alables non-n\u00e9gociables\u00a0\u00bb. La grande question que l\u2019on peut se poser, d\u00e8s lors, est la suivante\u00a0: Alassane Ouattara va-t-il acc\u00e9der \u00e0 cette exigence de l\u2019opposition\u00a0? En tout cas, dans l\u2019imm\u00e9diat, on peut en douter. En effet, le pr\u00e9sident ivoirien n\u2019a pas le couteau sur la gorge. Bien au contraire, il est plut\u00f4t dans une situation o\u00f9 sa marge de man\u0153uvre est en train de s\u2019\u00e9largir. Et pour cause\u00a0: son \u00a03<sup>e<\/sup> mandat ne pose pas de probl\u00e8me \u00e0 la communaut\u00e9 internationale. Cette derni\u00e8re a, en effet, reconnu sa victoire. Et la France, qui est le plus grand partenaire \u00e9conomique du pays, l\u2019a officiellement f\u00e9licit\u00e9. Mieux, Emmanuel Macron s\u2019est mu\u00e9 en un v\u00e9ritable avocat de Ouattara pour justifier son 3<sup>e<\/sup> mandat. Pour le grand chef des Blancs, en effet, c\u2019est par \u00ab\u00a0devoir\u00a0\u00bb que le pr\u00e9sident ivoirien a brigu\u00e9, pour la 3<sup>e<\/sup> fois, la pr\u00e9sidentielle. Les choses sont claires. L\u2019Elys\u00e9e ne partage pas les vues de l\u2019opposition ivoirienne. Au contraire, elle\u00a0 reprend \u00e0 son compte l\u2019argumentaire de Ouattara. Et l\u2019Elys\u00e9e s\u2019est vu oblig\u00e9e de faire le distinguo entre la C\u00f4te d\u2019Ivoire et la Guin\u00e9e. Si c\u2019est le \u00ab\u00a0devoir\u00a0\u00bb qui a motiv\u00e9 Ouattara \u00e0 se pr\u00e9senter, chez Alpha Cond\u00e9, c\u2019est la boulimie du pouvoir.<\/em><\/p>\n<p class=\"c3\"><em>\u00a0<\/em><\/p>\n<p class=\"c4\"><strong><em>B\u00e9di\u00e9 n\u2019aura pas d\u2019excuse s\u2019il refuse de donner une chance \u00e0 la paix en C\u00f4te d\u2019Ivoire par le dialogue<\/em><\/strong><\/p>\n<p class=\"c3\"><em>\u00a0<\/em><\/p>\n<p class=\"c3\"><em>ADO a donc officiellement un soutien de taille\u00a0: celui de l\u2019ancienne puissance coloniale. Et en Afrique, cela s\u2019apparente \u00e0 un soutien quasi divin. Et ce n\u2019est pas tout. La France vient de d\u00e9clarer Guillaume Soro persona non grata sur son territoire. Tout cela est pour rassurer \u00ab\u00a0l\u2019ami Ouattara\u00a0\u00bb. A propos du m\u00eame Guillaume Soro, un mandat d\u2019arr\u00eat international a \u00e9t\u00e9 \u00e9mis, le 16 novembre dernier, contre lui par la Justice ivoirienne \u00ab\u00a0pour tentative d\u2019atteinte \u00e0 l\u2019autorit\u00e9 de l\u2019Etat et \u00e0 l\u2019int\u00e9grit\u00e9 du territoire national\u00a0\u00bb. Et le procureur Richard Adou d\u2019ajouter\u00a0: \u00ab\u00a0Des \u00e9l\u00e9ments en possession des services de renseignement, \u00e9tablissent clairement que le projet devait \u00eatre mis en \u0153uvre incessamment\u00a0\u00bb. Les jours \u00e0 venir risquent donc \u00a0d\u2019\u00eatre tr\u00e8s difficiles pour Guillaume Soro. Pour autant, le mandat \u00e9mis contre lui a peu de chance d\u2019\u00eatre ex\u00e9cut\u00e9. En contrepartie, il est probable qu\u2019il soit exig\u00e9 de Guillaume Soro, quel que soit le pays o\u00f9 il va d\u00e9poser son baluchon, de s\u2019abstenir de tenir des propos s\u00e9ditieux et subversifs contre le r\u00e9gime de Ouattara.\u00a0 En rappel, le m\u00eame Soro avait \u00e9t\u00e9 l\u2019objet d\u2019un mandat d\u2019arr\u00eat international \u00e9mis par le Burkina. A l\u2019\u00e9poque, on se souvient, Alassane Ouattara et Roch Marc Christian Kabor\u00e9 avaient r\u00e9gl\u00e9 le probl\u00e8me par la \u00ab\u00a0voie diplomatique\u00a0\u00bb. Guilaume Soro, peut-on dire, est donc un habitu\u00e9 des mandats internationaux. Et cette fois-ci, il risque de le payer tr\u00e8s cher. \u00a0Car, il est all\u00e9 trop loin dans le bras de fer qui l\u2019oppose \u00e0 Ouattara, son ancien mentor. De ce point de vue, ce dernier peut difficilement se r\u00e9concilier avec lui. Le concernant, Alassane Ouattara ne parle\u00a0 pas d\u2019opposant mais de \u00ab\u00a0fauteur de troubles\u00a0\u00bb. Ce vocabulaire n\u2019est pas innocent. Il est r\u00e9v\u00e9lateur de la profondeur du foss\u00e9 qui s\u00e9pare les deux fr\u00e8res ennemis. Pour les autres, ADO peut faire preuve d\u2019indulgence et de magnanimit\u00e9. De ce fait, l\u2019on pourra s\u2019attendre \u00e0 ce qu\u2019il travaille dans les tout- prochains jours \u00e0 lib\u00e9rer des personnalit\u00e9s comme Maurice Guikahu\u00e9 et Pascal Affi N\u2019guessan. Il pourrait \u00e9gaiement permettre \u00e0 l\u2019ancien pr\u00e9sident, Laurent Gbagbo, de regagner le bercail. Cela est d\u2019autant plus vraisemblable que le \u00ab\u00a0Christ de Mama\u00a0\u00bb s\u2019est inscrit dans une logique de sortie de crise par le dialogue. Et il a \u00e9t\u00e9 bien inspir\u00e9 d\u2019avoir fait ce choix. Car, il n\u2019y a pas d\u2019autre alternative au dialogue pour une sortie de crise en Eburnie. C\u2019est le dialogue ou le chaos. Maintenant o\u00f9 presque tout est accompli pour ADO, il doit faire preuve de d\u00e9passement de soi pour tendre davantage la main \u00e0 ses opposants. Quant \u00e0 Henri Konan B\u00e9di\u00e9, il \u00a0n\u2019aura pas d\u2019excuse s\u2019il refuse de donner une chance \u00e0 la paix en C\u00f4te d\u2019Ivoire par le dialogue. En tout cas, la conf\u00e9rence\u00a0 \u00e9piscopale de C\u00f4te d\u2019Ivoire vient de demander \u00e0 tous les acteurs politiques du pays, de privil\u00e9gier le compromis. Et l\u2019on attend de voir qui va prendre la responsabilit\u00e9 de dire qu\u2019il n\u2019a pas entendu l\u2019appel des Hommes de Dieu.<\/em><\/p>\n<p class=\"c3\"><em>\u00a0<\/em><\/p>\n<p class=\"c4\"><strong><em>Pousdem PICKOU<\/em><\/strong><\/p>\n<p>Auteur: Le Pays<br \/>\n<a href=\"http:\/\/lepays.bf\/crise-post-electorale-en-cote-divoire\/\">Cliquez ici pour lire l&rsquo;article depuis sa source.<\/a><\/p>\n","protected":false},"excerpt":{"rendered":"<p>Le 11 novembre dernier, le pr\u00e9sident Alassane Ouattara et le pr\u00e9sident du PDCI\u00a0 (Parti d\u00e9mocratique de C\u00f4te d\u2019Ivoire), Henri Konan B\u00e9di\u00e9, se sont rencontr\u00e9s \u00e0 Abidjan dans un H\u00f4tel hautement symbolique pour les deux, pour se parler \u00e0 l\u2019effet de faire baisser la grave tension politique qui r\u00e8gne dans le pays depuis que l\u2019enfant de [&hellip;]<\/p>\n","protected":false},"author":1813,"featured_media":0,"comment_status":"closed","ping_status":"closed","sticky":false,"template":"","format":"standard","meta":{"fifu_image_url":"","fifu_image_alt":"","footnotes":""},"categories":[73,81],"tags":[],"class_list":["post-105436","post","type-post","status-publish","format-standard","hentry","category-actualite","category-burkina-faso"],"_links":{"self":[{"href":"https:\/\/linitiative.ca\/International\/wp-json\/wp\/v2\/posts\/105436","targetHints":{"allow":["GET"]}}],"collection":[{"href":"https:\/\/linitiative.ca\/International\/wp-json\/wp\/v2\/posts"}],"about":[{"href":"https:\/\/linitiative.ca\/International\/wp-json\/wp\/v2\/types\/post"}],"author":[{"embeddable":true,"href":"https:\/\/linitiative.ca\/International\/wp-json\/wp\/v2\/users\/1813"}],"replies":[{"embeddable":true,"href":"https:\/\/linitiative.ca\/International\/wp-json\/wp\/v2\/comments?post=105436"}],"version-history":[{"count":0,"href":"https:\/\/linitiative.ca\/International\/wp-json\/wp\/v2\/posts\/105436\/revisions"}],"wp:attachment":[{"href":"https:\/\/linitiative.ca\/International\/wp-json\/wp\/v2\/media?parent=105436"}],"wp:term":[{"taxonomy":"category","embeddable":true,"href":"https:\/\/linitiative.ca\/International\/wp-json\/wp\/v2\/categories?post=105436"},{"taxonomy":"post_tag","embeddable":true,"href":"https:\/\/linitiative.ca\/International\/wp-json\/wp\/v2\/tags?post=105436"}],"curies":[{"name":"wp","href":"https:\/\/api.w.org\/{rel}","templated":true}]}}