{"id":105437,"date":"2020-11-22T09:50:47","date_gmt":"2020-11-22T14:50:47","guid":{"rendered":"https:\/\/linitiative.ca\/International\/elections-2020-burkina-faso-se-comporte-bien-en-matiere-democratique-selon-la-cedeao\/"},"modified":"2020-11-22T09:50:47","modified_gmt":"2020-11-22T14:50:47","slug":"elections-2020-burkina-faso-se-comporte-bien-en-matiere-democratique-selon-la-cedeao","status":"publish","type":"post","link":"https:\/\/linitiative.ca\/International\/elections-2020-burkina-faso-se-comporte-bien-en-matiere-democratique-selon-la-cedeao\/","title":{"rendered":"Elections 2020 : \u00ab Burkina Faso se comporte bien en mati\u00e8re d\u00e9mocratique \u00bb, selon la CEDEAO"},"content":{"rendered":"<div class=\"td-post-featured-image\"><a href=\"https:\/\/www.sidwaya.info\/wp-content\/uploads\/2020\/11\/edeao.jpeg\" data-caption=\"\"><img loading=\"lazy\" decoding=\"async\" width=\"696\" height=\"522\" class=\"entry-thumb td-modal-image\" src=\"https:\/\/www.sidwaya.info\/wp-content\/uploads\/2020\/11\/edeao-696x522.jpeg\" srcset=\"https:\/\/www.sidwaya.info\/wp-content\/uploads\/2020\/11\/edeao-696x522.jpeg 696w, https:\/\/www.sidwaya.info\/wp-content\/uploads\/2020\/11\/edeao-300x225.jpeg 300w, https:\/\/www.sidwaya.info\/wp-content\/uploads\/2020\/11\/edeao-768x576.jpeg 768w, https:\/\/www.sidwaya.info\/wp-content\/uploads\/2020\/11\/edeao-150x113.jpeg 150w, https:\/\/www.sidwaya.info\/wp-content\/uploads\/2020\/11\/edeao-560x420.jpeg 560w, https:\/\/www.sidwaya.info\/wp-content\/uploads\/2020\/11\/edeao-80x60.jpeg 80w, https:\/\/www.sidwaya.info\/wp-content\/uploads\/2020\/11\/edeao-265x198.jpeg 265w, https:\/\/www.sidwaya.info\/wp-content\/uploads\/2020\/11\/edeao.jpeg 800w\" sizes=\"auto, (max-width: 696px) 100vw, 696px\" alt=\"\" title=\"edeao\"\/><\/a><\/div>\n<p>Le commissaire de la CEDEAO, le G\u00e9n\u00e9ral Francis B\u00e9hanzin, a d\u00e9clar\u00e9 dimanche \u00e0 Ouagadougou que le Burkina Faso qui tient ce jour, ses \u00e9lections coupl\u00e9es (pr\u00e9sidentielle et l\u00e9gislatives), est un mod\u00e8le en mati\u00e8re de d\u00e9mocratie \u00e9lectorale.<\/p>\n<p>Apr\u00e8s avoir fait un tour sur trois bureaux de vote t\u00f4t ce matin, l\u2019\u00e9quipe de la CEDEAO, conduite par l\u2019ancien Premier ministre de la Guin\u00e9e, Kabin\u00e9 Komara, est satisfaite de ce qu\u2019elle a constat\u00e9.<\/p>\n<p>\u00ab La logistique \u00e9lectorale est sur place, les urnes, les isoloirs bien entrepos\u00e9es, les listes \u00e9lectorales, les bulletins de vote avec la signature aux endroits indiqu\u00e9s par les membres du bureau de vote accr\u00e9dit\u00e9s. Tous les \u00e9lecteurs ont commenc\u00e9 \u00e0 sortir dans la s\u00e9r\u00e9nit\u00e9 d\u2019une mani\u00e8re bien civilis\u00e9e\u00bb, a expliqu\u00e9 le commissaire de la CEDEAO, Francis B\u00e9hanzin.<\/p>\n<p>S\u00e9duit par l\u2019organisation du scrutin, l\u2019observateur de la CEDEAO a mentionn\u00e9 que \u00ab la pr\u00e9sence remarquable des forces de s\u00e9curit\u00e9 rassure aussi bien la population, les observateurs que les candidats qui passent dans les bureaux de vote pour accomplir leur devoir civique \u00bb.<\/p>\n<p>\u00ab Nous pensons que c\u2019est une tr\u00e8s bonne chose. C\u2019est remarquable pour la sous-r\u00e9gion. Le Burkina Faso se comporte bien en mati\u00e8re d\u00e9mocratique \u00bb, se f\u00e9licite-t-il.<\/p>\n<p>Pour le chef de la d\u00e9l\u00e9gation de la CEDEAO, Kabin\u00e9 Komara, \u00ab tous les bureaux ont ouvert \u00e0 l\u2019heure. Les mat\u00e9riels sont en place. \u00ab Nous avons vu que dans certains bureaux, il y a plus de pr\u00e9sents des partis que dans d\u2019autres, mais dans aucun d\u2019eux il n\u2019y a une absence de repr\u00e9sentants de partis politiques. Ce qui est d\u00e9j\u00e0 tr\u00e8s bien \u00bb, a-t-il ajout\u00e9.<\/p>\n<p>L\u2019observateur en chef de la CEDEAO fait remarquer que \u00ab notre crainte \u00e9tait aussi qu\u2019il y ait trop d\u2019\u00e9lecteurs par bureau, mais nous avons vu que la moyenne varie de 250 \u00e0 500. Ce qui laisse supposer que d\u2019ici la fin de la journ\u00e9e les op\u00e9rations peuvent \u00eatre closent dans ces bureaux-l\u00e0. Nous souhaitons que \u00e7a continue comme ceci \u00bb.<\/p>\n<p>Il a souhait\u00e9 que tout se passe bien dans l\u2019ensemble du territoire national pour que le d\u00e9pouillement puisse s\u2019engager dans les m\u00eames conditions de s\u00e9r\u00e9nit\u00e9.<\/p>\n<p>Le G\u00e9n\u00e9ral B\u00e9hanzin a invit\u00e9 les \u00e9lecteurs \u00e0 vite sortir parce que \u00ab le soleil se l\u00e8ve t\u00f4t sur le Burkina. C\u2019est une tr\u00e8s bonne chose. Qu\u2019ils aillent voter dans la paix \u00bb. Il a \u00e9galement demand\u00e9 \u00ab aux candidats de suivre leurs \u00e9lecteurs dans leur comportement civique et d\u2019\u00e9viter les auto-proclamations. Tant que le d\u00e9pouillement n\u2019est pas termin\u00e9, tant que la compilation est en cours, il vaut mieux \u00e9viter de faire les auto-proclamations \u00bb.<\/p>\n<p>Agence d\u2019information du Burkina (AIB)<\/p>\n<p>as\/<\/p>\n<div class=\"td-a-rec td-a-rec-id-content_bottom tdi_32_a55 td_block_template_1\"><img loading=\"lazy\" decoding=\"async\" class=\"aligncenter size-full wp-image-27454\" src=\"https:\/\/www.sidwaya.info\/wp-content\/uploads\/2020\/10\/PUB-Bandeau-paiement-mobile-siteweb.jpg\" alt=\"\" width=\"728\" height=\"90\"\/><\/div>\n<p>Auteur: BS. Sidwaya<br \/>\n<a href=\"https:\/\/www.sidwaya.info\/blog\/2020\/11\/22\/elections-2020-burkina-faso-se-comporte-bien-en-matiere-democratique-selon-la-cedeao\/\">Cliquez ici pour lire l&rsquo;article depuis sa source.<\/a><\/p>\n","protected":false},"excerpt":{"rendered":"<p>Le commissaire de la CEDEAO, le G\u00e9n\u00e9ral Francis B\u00e9hanzin, a d\u00e9clar\u00e9 dimanche \u00e0 Ouagadougou que le Burkina Faso qui tient ce jour, ses \u00e9lections coupl\u00e9es (pr\u00e9sidentielle et l\u00e9gislatives), est un mod\u00e8le en mati\u00e8re de d\u00e9mocratie \u00e9lectorale. Apr\u00e8s avoir fait un tour sur trois bureaux de vote t\u00f4t ce matin, l\u2019\u00e9quipe de la CEDEAO, conduite par [&hellip;]<\/p>\n","protected":false},"author":1816,"featured_media":105438,"comment_status":"closed","ping_status":"closed","sticky":false,"template":"","format":"standard","meta":{"fifu_image_url":"","fifu_image_alt":"","footnotes":""},"categories":[73,81],"tags":[],"class_list":["post-105437","post","type-post","status-publish","format-standard","has-post-thumbnail","hentry","category-actualite","category-burkina-faso"],"_links":{"self":[{"href":"https:\/\/linitiative.ca\/International\/wp-json\/wp\/v2\/posts\/105437","targetHints":{"allow":["GET"]}}],"collection":[{"href":"https:\/\/linitiative.ca\/International\/wp-json\/wp\/v2\/posts"}],"about":[{"href":"https:\/\/linitiative.ca\/International\/wp-json\/wp\/v2\/types\/post"}],"author":[{"embeddable":true,"href":"https:\/\/linitiative.ca\/International\/wp-json\/wp\/v2\/users\/1816"}],"replies":[{"embeddable":true,"href":"https:\/\/linitiative.ca\/International\/wp-json\/wp\/v2\/comments?post=105437"}],"version-history":[{"count":0,"href":"https:\/\/linitiative.ca\/International\/wp-json\/wp\/v2\/posts\/105437\/revisions"}],"wp:featuredmedia":[{"embeddable":true,"href":"https:\/\/linitiative.ca\/International\/wp-json\/"}],"wp:attachment":[{"href":"https:\/\/linitiative.ca\/International\/wp-json\/wp\/v2\/media?parent=105437"}],"wp:term":[{"taxonomy":"category","embeddable":true,"href":"https:\/\/linitiative.ca\/International\/wp-json\/wp\/v2\/categories?post=105437"},{"taxonomy":"post_tag","embeddable":true,"href":"https:\/\/linitiative.ca\/International\/wp-json\/wp\/v2\/tags?post=105437"}],"curies":[{"name":"wp","href":"https:\/\/api.w.org\/{rel}","templated":true}]}}