{"id":105445,"date":"2020-11-22T11:46:00","date_gmt":"2020-11-22T16:46:00","guid":{"rendered":"https:\/\/linitiative.ca\/International\/ambassadeur-du-burkina-en-cote-divoire-mamadou-zongo\/"},"modified":"2020-11-22T11:46:00","modified_gmt":"2020-11-22T16:46:00","slug":"ambassadeur-du-burkina-en-cote-divoire-mamadou-zongo","status":"publish","type":"post","link":"https:\/\/linitiative.ca\/International\/ambassadeur-du-burkina-en-cote-divoire-mamadou-zongo\/","title":{"rendered":"Ambassadeur du Burkina en C\u00f4te d\u2019Ivoire, Mamadou Zongo"},"content":{"rendered":"<div class=\"td-post-sharing-top td-post-sharing td-ps-bg td-ps-padding td-ps-bar td-post-sharing-style6\">\n<div class=\"td-post-sharing-visible\"><a class=\"td-social-sharing-button td-social-sharing-button-js td-social-network td-social-facebook\" href=\"https:\/\/www.facebook.com\/sharer.php?u=https%3A%2F%2Fwww.sidwaya.info%2Fblog%2F2020%2F11%2F22%2Fambassadeur-du-burkina-en-cote-divoire-mamadou-zongo%2F\"\/><\/p>\n<p>Facebook<\/p>\n<p><a class=\"td-social-sharing-button td-social-sharing-button-js td-social-network td-social-twitter\" href=\"https:\/\/twitter.com\/intent\/tweet?text=Ambassadeur+du+Burkina+en+C%C3%B4te+d%E2%80%99Ivoire%2C+Mamadou+Zongo&amp;url=https%3A%2F%2Fwww.sidwaya.info%2Fblog%2F2020%2F11%2F22%2Fambassadeur-du-burkina-en-cote-divoire-mamadou-zongo%2F&amp;via=Quotidien+Sidwaya\"\/><\/p>\n<p>Twitter<\/p>\n<p><a class=\"td-social-sharing-button td-social-sharing-button-js td-social-network td-social-pinterest\" href=\"https:\/\/pinterest.com\/pin\/create\/button\/?url=https:\/\/www.sidwaya.info\/blog\/2020\/11\/22\/ambassadeur-du-burkina-en-cote-divoire-mamadou-zongo\/&amp;media=https:\/\/www.sidwaya.info\/wp-content\/uploads\/2020\/11\/AMBASSADEUR-ZONGO-1.jpg&amp;description=Ambassadeur+du+Burkina+en+C%C3%B4te+d%E2%80%99Ivoire%2C+Mamadou+Zongo\"\/><\/p>\n<p>Pinterest<\/p>\n<p><a class=\"td-social-sharing-button td-social-sharing-button-js td-social-network td-social-whatsapp\" href=\"whatsapp:\/\/send?text=Ambassadeur+du+Burkina+en+C%C3%B4te+d%E2%80%99Ivoire%2C+Mamadou+Zongo%20%0A%0A%20https:\/\/www.sidwaya.info\/blog\/2020\/11\/22\/ambassadeur-du-burkina-en-cote-divoire-mamadou-zongo\/\"\/><\/p>\n<p>WhatsApp<\/p>\n<p><a class=\"td-social-sharing-button td-social-sharing-button-js td-social-network td-social-linkedin\" href=\"https:\/\/www.linkedin.com\/shareArticle?mini=true&amp;url=https:\/\/www.sidwaya.info\/blog\/2020\/11\/22\/ambassadeur-du-burkina-en-cote-divoire-mamadou-zongo\/&amp;title=Ambassadeur+du+Burkina+en+C%C3%B4te+d%E2%80%99Ivoire%2C+Mamadou+Zongo\"\/><\/p>\n<p>Linkedin<\/p>\n<p><a class=\"td-social-sharing-button td-social-sharing-button-js td-social-network td-social-mail\" href=\"mailto:?subject=Ambassadeur%20du%20Burkina%20en%20C%C3%B4te%20d%E2%80%99Ivoire,%20Mamadou%20Zongo&amp;body=https:\/\/www.sidwaya.info\/blog\/2020\/11\/22\/ambassadeur-du-burkina-en-cote-divoire-mamadou-zongo\/\"\/><\/p>\n<p>Email<\/p>\n<p><a class=\"td-social-sharing-button td-social-sharing-button-js td-social-network td-social-print\" href=\"#\"\/><\/p>\n<p>Print<\/p>\n<p><a class=\"td-social-sharing-button td-social-sharing-button-js td-social-network td-social-tumblr\" href=\"https:\/\/www.tumblr.com\/share\/link?url=https:\/\/www.sidwaya.info\/blog\/2020\/11\/22\/ambassadeur-du-burkina-en-cote-divoire-mamadou-zongo\/&amp;name=Ambassadeur%20du%20Burkina%20en%20C%C3%B4te%20d%E2%80%99Ivoire,%20Mamadou%20Zongo\"\/><\/p>\n<p>Tumblr<\/p>\n<p><a class=\"td-social-sharing-button td-social-sharing-button-js td-social-network td-social-telegram\" href=\"https:\/\/telegram.me\/share\/url?url=https:\/\/www.sidwaya.info\/blog\/2020\/11\/22\/ambassadeur-du-burkina-en-cote-divoire-mamadou-zongo\/&amp;text=Ambassadeur+du+Burkina+en+C%C3%B4te+d%E2%80%99Ivoire%2C+Mamadou+Zongo\"\/><\/p>\n<p>Telegram<\/p>\n<p><a class=\"td-social-sharing-button td-social-sharing-button-js td-social-network td-social-viber\" href=\"viber:\/\/forward?text=Ambassadeur+du+Burkina+en+C%C3%B4te+d%E2%80%99Ivoire%2C+Mamadou+Zongo%20https:\/\/www.sidwaya.info\/blog\/2020\/11\/22\/ambassadeur-du-burkina-en-cote-divoire-mamadou-zongo\/\"\/><\/p>\n<p>Viber<\/p>\n<p><a class=\"td-social-sharing-button td-social-sharing-button-js td-social-network td-social-naver\" href=\"https:\/\/share.naver.com\/web\/shareView.nhn?url=https:\/\/www.sidwaya.info\/blog\/2020\/11\/22\/ambassadeur-du-burkina-en-cote-divoire-mamadou-zongo\/&amp;title=Ambassadeur+du+Burkina+en+C%C3%B4te+d%E2%80%99Ivoire%2C+Mamadou+Zongo\"\/><\/p>\n<p>Naver<\/p>\n<\/div>\n<\/div>\n<div class=\"td-post-content tagdiv-type\" readability=\"45\">\n<div class=\"td-post-featured-image\"><a href=\"https:\/\/www.sidwaya.info\/wp-content\/uploads\/2020\/11\/AMBASSADEUR-ZONGO-1.jpg\" data-caption=\"\"><img loading=\"lazy\" decoding=\"async\" width=\"696\" height=\"753\" class=\"entry-thumb td-modal-image\" src=\"https:\/\/www.sidwaya.info\/wp-content\/uploads\/2020\/11\/AMBASSADEUR-ZONGO-1-696x753.jpg\" srcset=\"https:\/\/www.sidwaya.info\/wp-content\/uploads\/2020\/11\/AMBASSADEUR-ZONGO-1-696x753.jpg 696w, https:\/\/www.sidwaya.info\/wp-content\/uploads\/2020\/11\/AMBASSADEUR-ZONGO-1-277x300.jpg 277w, https:\/\/www.sidwaya.info\/wp-content\/uploads\/2020\/11\/AMBASSADEUR-ZONGO-1-768x831.jpg 768w, https:\/\/www.sidwaya.info\/wp-content\/uploads\/2020\/11\/AMBASSADEUR-ZONGO-1-150x162.jpg 150w, https:\/\/www.sidwaya.info\/wp-content\/uploads\/2020\/11\/AMBASSADEUR-ZONGO-1-300x325.jpg 300w, https:\/\/www.sidwaya.info\/wp-content\/uploads\/2020\/11\/AMBASSADEUR-ZONGO-1-388x420.jpg 388w, https:\/\/www.sidwaya.info\/wp-content\/uploads\/2020\/11\/AMBASSADEUR-ZONGO-1.jpg 900w\" sizes=\"auto, (max-width: 696px) 100vw, 696px\" alt=\"\" title=\"AMBASSADEUR-ZONGO\"\/><\/a><\/div>\n<p class=\"p2\">\u00ab\u00a0C\u2019est un jour historique parce que c\u2019est la premi\u00e8re fois que la diaspora vote. Cela a \u00e9t\u00e9 possible gr\u00e2ce \u00e0 l\u2019engagement tenu du pr\u00e9sident du Faso, Roch Marc Christian Kabor\u00e9. Le gouvernement a mis les moyens pour que la majorit\u00e9 puisse voter dans la mesure o\u00f9 en 2019 et 2020 deux missions consulaires sont venues dans le cadre de l\u2019\u00e9tablissement des cartes nationales d\u2019identit\u00e9 burkinab\u00e8 et des passeports ordinaires. Je remercie les autorit\u00e9s ivoiriennes pour l\u2019accompagnement tant au niveau logistique que s\u00e9curitaire dont on a b\u00e9n\u00e9fici\u00e9. Aussi bien \u00e0 Abidjan, \u00e0 Bouak\u00e9 qu\u2019\u00e0 Soubr\u00e9, les autorit\u00e9s pr\u00e9fectorales se sont d\u00e9plac\u00e9es pour s\u2019assurer que le dispositif de s\u00e9curit\u00e9 mis en place \u00e9tait vraiment fonctionnel. Je remercie aussi les responsables des partis politiques, les leaders d\u2019opinion et les responsables d\u2019associations, l\u2019ensemble des militants et des Burkinab\u00e8 qui, en g\u00e9n\u00e9ral, ont pu battre campagne sans incident. Je demande aux uns et aux autres de regagner leurs domiciles apr\u00e8s avoir vot\u00e9 afin de ne pas encombrer les lieux de vote. Que ceux qui viendraient \u00e0 constater des comportements qui ressembleraient \u00e0 des irr\u00e9gularit\u00e9s saisissent les responsables de leurs partis politiques ou des d\u00e9membrements de la CENI afin qu\u2019ils soient trait\u00e9s conform\u00e9ment aux textes en vigueur. Aussi bien \u00e0 Bouak\u00e9, \u00e0 Soubr\u00e9 qu\u2019\u00e0 Abidjan o\u00f9 il y a une forte affluence depuis 5 heures du matin, les gens sont dans les dispositions qui permettent aux votes de se d\u00e9rouler normalement. L\u2019administration a travaill\u00e9 en collaboration avec les d\u00e9membrements de la CENI de telle sorte que ne peuvent acc\u00e9der aux consulats que ceux qui ont leur carte d\u2019\u00e9lecteur. D\u00e8s l\u2019entr\u00e9e, il y a un rang qui permet d\u2019orienter chacun dans son bureau de vote. Nous avons b\u00e9n\u00e9fici\u00e9 de l\u2019accompagnement de responsables d\u2019associations et de certains d\u00e9l\u00e9gu\u00e9s consulaires. Pour le moment tout se passe tr\u00e8s bien.\u00a0\u00bb<\/p>\n<div class=\"td-a-rec td-a-rec-id-content_bottom tdi_32_fe1 td_block_template_1\"><img loading=\"lazy\" decoding=\"async\" class=\"aligncenter size-full wp-image-27454\" src=\"https:\/\/www.sidwaya.info\/wp-content\/uploads\/2020\/10\/PUB-Bandeau-paiement-mobile-siteweb.jpg\" alt=\"\" width=\"728\" height=\"90\"\/><\/div>\n<\/div>\n<footer>\n<div class=\"td-post-sharing-bottom\">\n<p><iframe frameborder=\"0\" src=\"https:\/\/www.facebook.com\/plugins\/like.php?href=https:\/\/www.sidwaya.info\/blog\/2020\/11\/22\/ambassadeur-du-burkina-en-cote-divoire-mamadou-zongo\/&amp;layout=button_count&amp;show_faces=false&amp;width=105&amp;action=like&amp;colorscheme=light&amp;height=21\" class=\"c1\">[embedded content]<\/iframe><\/p>\n<div id=\"td_social_sharing_article_bottom\" class=\"td-post-sharing td-ps-bg td-ps-padding td-post-sharing-style7\">\n<div class=\"td-post-sharing-visible\"><a class=\"td-social-sharing-button td-social-sharing-button-js td-social-network td-social-facebook\" href=\"https:\/\/www.facebook.com\/sharer.php?u=https%3A%2F%2Fwww.sidwaya.info%2Fblog%2F2020%2F11%2F22%2Fambassadeur-du-burkina-en-cote-divoire-mamadou-zongo%2F\"\/><\/p>\n<p>Facebook<\/p>\n<p><a class=\"td-social-sharing-button td-social-sharing-button-js td-social-network td-social-twitter\" href=\"https:\/\/twitter.com\/intent\/tweet?text=Ambassadeur+du+Burkina+en+C%C3%B4te+d%E2%80%99Ivoire%2C+Mamadou+Zongo&amp;url=https%3A%2F%2Fwww.sidwaya.info%2Fblog%2F2020%2F11%2F22%2Fambassadeur-du-burkina-en-cote-divoire-mamadou-zongo%2F&amp;via=Quotidien+Sidwaya\"\/><\/p>\n<p>Twitter<\/p>\n<p><a class=\"td-social-sharing-button td-social-sharing-button-js td-social-network td-social-pinterest\" href=\"https:\/\/pinterest.com\/pin\/create\/button\/?url=https:\/\/www.sidwaya.info\/blog\/2020\/11\/22\/ambassadeur-du-burkina-en-cote-divoire-mamadou-zongo\/&amp;media=https:\/\/www.sidwaya.info\/wp-content\/uploads\/2020\/11\/AMBASSADEUR-ZONGO-1.jpg&amp;description=Ambassadeur+du+Burkina+en+C%C3%B4te+d%E2%80%99Ivoire%2C+Mamadou+Zongo\"\/><\/p>\n<p>Pinterest<\/p>\n<p><a class=\"td-social-sharing-button td-social-sharing-button-js td-social-network td-social-whatsapp\" href=\"whatsapp:\/\/send?text=Ambassadeur+du+Burkina+en+C%C3%B4te+d%E2%80%99Ivoire%2C+Mamadou+Zongo%20%0A%0A%20https:\/\/www.sidwaya.info\/blog\/2020\/11\/22\/ambassadeur-du-burkina-en-cote-divoire-mamadou-zongo\/\"\/><\/p>\n<p>WhatsApp<\/p>\n<p><a class=\"td-social-sharing-button td-social-sharing-button-js td-social-network td-social-linkedin\" href=\"https:\/\/www.linkedin.com\/shareArticle?mini=true&amp;url=https:\/\/www.sidwaya.info\/blog\/2020\/11\/22\/ambassadeur-du-burkina-en-cote-divoire-mamadou-zongo\/&amp;title=Ambassadeur+du+Burkina+en+C%C3%B4te+d%E2%80%99Ivoire%2C+Mamadou+Zongo\"\/><\/p>\n<p>Linkedin<\/p>\n<p><a class=\"td-social-sharing-button td-social-sharing-button-js td-social-network td-social-mail\" href=\"mailto:?subject=Ambassadeur%20du%20Burkina%20en%20C%C3%B4te%20d%E2%80%99Ivoire,%20Mamadou%20Zongo&amp;body=https:\/\/www.sidwaya.info\/blog\/2020\/11\/22\/ambassadeur-du-burkina-en-cote-divoire-mamadou-zongo\/\"\/><\/p>\n<p>Email<\/p>\n<p><a class=\"td-social-sharing-button td-social-sharing-button-js td-social-network td-social-print\" href=\"#\"\/><\/p>\n<p>Print<\/p>\n<p><a class=\"td-social-sharing-button td-social-sharing-button-js td-social-network td-social-tumblr\" href=\"https:\/\/www.tumblr.com\/share\/link?url=https:\/\/www.sidwaya.info\/blog\/2020\/11\/22\/ambassadeur-du-burkina-en-cote-divoire-mamadou-zongo\/&amp;name=Ambassadeur%20du%20Burkina%20en%20C%C3%B4te%20d%E2%80%99Ivoire,%20Mamadou%20Zongo\"\/><\/p>\n<p>Tumblr<\/p>\n<p><a class=\"td-social-sharing-button td-social-sharing-button-js td-social-network td-social-telegram\" href=\"https:\/\/telegram.me\/share\/url?url=https:\/\/www.sidwaya.info\/blog\/2020\/11\/22\/ambassadeur-du-burkina-en-cote-divoire-mamadou-zongo\/&amp;text=Ambassadeur+du+Burkina+en+C%C3%B4te+d%E2%80%99Ivoire%2C+Mamadou+Zongo\"\/><\/p>\n<p>Telegram<\/p>\n<p><a class=\"td-social-sharing-button td-social-sharing-button-js td-social-network td-social-viber\" href=\"viber:\/\/forward?text=Ambassadeur+du+Burkina+en+C%C3%B4te+d%E2%80%99Ivoire%2C+Mamadou+Zongo%20https:\/\/www.sidwaya.info\/blog\/2020\/11\/22\/ambassadeur-du-burkina-en-cote-divoire-mamadou-zongo\/\"\/><\/p>\n<p>Viber<\/p>\n<p><a class=\"td-social-sharing-button td-social-sharing-button-js td-social-network td-social-naver\" href=\"https:\/\/share.naver.com\/web\/shareView.nhn?url=https:\/\/www.sidwaya.info\/blog\/2020\/11\/22\/ambassadeur-du-burkina-en-cote-divoire-mamadou-zongo\/&amp;title=Ambassadeur+du+Burkina+en+C%C3%B4te+d%E2%80%99Ivoire%2C+Mamadou+Zongo\"\/><\/p>\n<p>Naver<\/p>\n<\/div>\n<\/div>\n<\/div>\n<div class=\"td-block-row td-post-next-prev\">\n<div class=\"td-block-span6 td-post-prev-post td-post-next-prev-content\"><span>Article pr\u00e9c\u00e9dent<\/span><a href=\"https:\/\/www.sidwaya.info\/blog\/2020\/11\/22\/les-koudougoulais-ont-vote-pour-un-burkina-paisible\/\">Les Koudougoulais ont vot\u00e9 pour un Burkina \u00ab\u00a0paisible\u00a0\u00bb<\/a><\/div>\n<\/div>\n<\/footer>\n<p>Auteur: Quotidien Sidwaya<br \/>\n<a href=\"https:\/\/www.sidwaya.info\/blog\/2020\/11\/22\/ambassadeur-du-burkina-en-cote-divoire-mamadou-zongo\/\">Cliquez ici pour lire l&rsquo;article depuis sa source.<\/a><\/p>\n","protected":false},"excerpt":{"rendered":"<p>Facebook Twitter Pinterest WhatsApp Linkedin Email Print Tumblr Telegram Viber Naver \u00ab\u00a0C\u2019est un jour historique parce que c\u2019est la premi\u00e8re fois que la diaspora vote. Cela a \u00e9t\u00e9 possible gr\u00e2ce \u00e0 l\u2019engagement tenu du pr\u00e9sident du Faso, Roch Marc Christian Kabor\u00e9. Le gouvernement a mis les moyens pour que la majorit\u00e9 puisse voter dans la [&hellip;]<\/p>\n","protected":false},"author":1816,"featured_media":105446,"comment_status":"closed","ping_status":"closed","sticky":false,"template":"","format":"standard","meta":{"fifu_image_url":"","fifu_image_alt":"","footnotes":""},"categories":[73,81],"tags":[],"class_list":["post-105445","post","type-post","status-publish","format-standard","has-post-thumbnail","hentry","category-actualite","category-burkina-faso"],"_links":{"self":[{"href":"https:\/\/linitiative.ca\/International\/wp-json\/wp\/v2\/posts\/105445","targetHints":{"allow":["GET"]}}],"collection":[{"href":"https:\/\/linitiative.ca\/International\/wp-json\/wp\/v2\/posts"}],"about":[{"href":"https:\/\/linitiative.ca\/International\/wp-json\/wp\/v2\/types\/post"}],"author":[{"embeddable":true,"href":"https:\/\/linitiative.ca\/International\/wp-json\/wp\/v2\/users\/1816"}],"replies":[{"embeddable":true,"href":"https:\/\/linitiative.ca\/International\/wp-json\/wp\/v2\/comments?post=105445"}],"version-history":[{"count":0,"href":"https:\/\/linitiative.ca\/International\/wp-json\/wp\/v2\/posts\/105445\/revisions"}],"wp:featuredmedia":[{"embeddable":true,"href":"https:\/\/linitiative.ca\/International\/wp-json\/"}],"wp:attachment":[{"href":"https:\/\/linitiative.ca\/International\/wp-json\/wp\/v2\/media?parent=105445"}],"wp:term":[{"taxonomy":"category","embeddable":true,"href":"https:\/\/linitiative.ca\/International\/wp-json\/wp\/v2\/categories?post=105445"},{"taxonomy":"post_tag","embeddable":true,"href":"https:\/\/linitiative.ca\/International\/wp-json\/wp\/v2\/tags?post=105445"}],"curies":[{"name":"wp","href":"https:\/\/api.w.org\/{rel}","templated":true}]}}