{"id":105447,"date":"2020-11-22T13:29:56","date_gmt":"2020-11-22T18:29:56","guid":{"rendered":"https:\/\/linitiative.ca\/International\/regionales-2020-sa-majeste-rene-desire-effa-rencontre-les-chefs-de-mengong-region-du-sud\/"},"modified":"2020-11-22T13:29:56","modified_gmt":"2020-11-22T18:29:56","slug":"regionales-2020-sa-majeste-rene-desire-effa-rencontre-les-chefs-de-mengong-region-du-sud","status":"publish","type":"post","link":"https:\/\/linitiative.ca\/International\/regionales-2020-sa-majeste-rene-desire-effa-rencontre-les-chefs-de-mengong-region-du-sud\/","title":{"rendered":"R\u00e9gionales 2020 : sa majest\u00e9 Ren\u00e9 D\u00e9sir\u00e9 Effa rencontre les chefs de Mengong, r\u00e9gion du Sud"},"content":{"rendered":"<div readability=\"32\">\n<p>Publi\u00e9 le 22.11.2020 \u00e0 19h29 par JournalduCameroun.com<\/p>\n<\/div>\n<div readability=\"65\">\n<h2 class=\"c6\">Le candidat du commandement traditionnel lanc\u00e9 sa campagne se dimanche dans le d\u00e9partement de la Mvila.<\/h2>\n<p class=\"c7\">Rencontre au sommet ce 22\u00a0novembre 2020 \u00e0 Mengong, entre le chef Ren\u00e9 D\u00e9sir\u00e9 Effa et le chef Jean Mendoua, par ailleurs contre-amiral, chef d\u2019\u00e9tat-major de la Marine nationale.<\/p>\n<p class=\"c7\">Candidat du commandement traditionnel \u00e0 l\u2019<strong>\u00e9lection r\u00e9gionale<\/strong> du 6\u00a0d\u00e9cembre 2020, sa majest\u00e9 Effa a engag\u00e9 sa campagne \u00e9lectorale par une <em>\u00ab\u2009causerie\u2009\u00bb<\/em> avec les chefs traditionnels de l\u2019arrondissement de <strong>Mengong<\/strong>\u00a0 \u00e0 qui il a pr\u00e9sent\u00e9 son projet.<\/p>\n<p class=\"c7\">Au nombre de 47, ceux-ci sont r\u00e9unis au sein d\u2019une association ayant pour pr\u00e9sident Jean Mendoua.\u00a0 Ce dernier a promis au candidat qu\u2019il a d\u00e9j\u00e0 le soutien de la quarantaine de chefs de l\u2019arrondissement de Mengong.<\/p>\n<p class=\"c7\">\u00a0Fils de Ngonebok dans le canton Ngonebok \u2013 Abok Ntoba, le chef de 2<sup>e<\/sup>\u00a0degr\u00e9 <strong>Ren\u00e9 D\u00e9sir\u00e9 Effa<\/strong> va \u00eatre choisi par son p\u00e8re pour assurer l\u2019int\u00e9rim de son poste et 6\u00a0mars 1997, il remplace son p\u00e8re vivant \u00e0 la t\u00eate de son village et de son canton.<\/p>\n<p class=\"c7\">En ao\u00fbt 2005, il met en place l\u2019association des chefs de 2e\u00a0degr\u00e9 de la <strong>Mvila<\/strong> qui plus tard va int\u00e9grer les chefs de 3e\u00a0degr\u00e9. Il en deviendra le pr\u00e9sident.<\/p>\n<p class=\"c7\">Il est \u00e0 noter qu\u2019il est \u00e0 l\u2019origine du projet d\u2019Assembl\u00e9e des chefs traditionnels du Cameroun o\u00f9 il est Secr\u00e9taire \u00e0 l\u2019organisation d\u00e8s 2009.<\/p>\n<p class=\"c7\">Par ailleurs, le pr\u00e9sident de la commission d\u00e9partementale, le ministre Jacques Fame Ndongo, lance officiellement ce lundi 23 novembre 2020 la campagne des r\u00e9gionales pour la Mvila.<\/p>\n<\/div>\n<p>Auteur: Ludovic Amara<br \/>\n<a href=\"https:\/\/www.journalducameroun.com\/regionales-2020-sa-majeste-rene-desire-effa-rencontre-les-chefs-de-mengong-region-du-sud-cameroun\/\">Cliquez ici pour lire l&rsquo;article depuis sa source.<\/a><\/p>\n","protected":false},"excerpt":{"rendered":"<p>Publi\u00e9 le 22.11.2020 \u00e0 19h29 par JournalduCameroun.com Le candidat du commandement traditionnel lanc\u00e9 sa campagne se dimanche dans le d\u00e9partement de la Mvila. Rencontre au sommet ce 22\u00a0novembre 2020 \u00e0 Mengong, entre le chef Ren\u00e9 D\u00e9sir\u00e9 Effa et le chef Jean Mendoua, par ailleurs contre-amiral, chef d\u2019\u00e9tat-major de la Marine nationale. Candidat du commandement traditionnel [&hellip;]<\/p>\n","protected":false},"author":1965,"featured_media":0,"comment_status":"closed","ping_status":"closed","sticky":false,"template":"","format":"standard","meta":{"fifu_image_url":"","fifu_image_alt":"","footnotes":""},"categories":[73,82],"tags":[],"class_list":["post-105447","post","type-post","status-publish","format-standard","hentry","category-actualite","category-cameroun"],"_links":{"self":[{"href":"https:\/\/linitiative.ca\/International\/wp-json\/wp\/v2\/posts\/105447","targetHints":{"allow":["GET"]}}],"collection":[{"href":"https:\/\/linitiative.ca\/International\/wp-json\/wp\/v2\/posts"}],"about":[{"href":"https:\/\/linitiative.ca\/International\/wp-json\/wp\/v2\/types\/post"}],"author":[{"embeddable":true,"href":"https:\/\/linitiative.ca\/International\/wp-json\/wp\/v2\/users\/1965"}],"replies":[{"embeddable":true,"href":"https:\/\/linitiative.ca\/International\/wp-json\/wp\/v2\/comments?post=105447"}],"version-history":[{"count":0,"href":"https:\/\/linitiative.ca\/International\/wp-json\/wp\/v2\/posts\/105447\/revisions"}],"wp:attachment":[{"href":"https:\/\/linitiative.ca\/International\/wp-json\/wp\/v2\/media?parent=105447"}],"wp:term":[{"taxonomy":"category","embeddable":true,"href":"https:\/\/linitiative.ca\/International\/wp-json\/wp\/v2\/categories?post=105447"},{"taxonomy":"post_tag","embeddable":true,"href":"https:\/\/linitiative.ca\/International\/wp-json\/wp\/v2\/tags?post=105447"}],"curies":[{"name":"wp","href":"https:\/\/api.w.org\/{rel}","templated":true}]}}