{"id":105450,"date":"2020-11-22T15:18:04","date_gmt":"2020-11-22T20:18:04","guid":{"rendered":"https:\/\/linitiative.ca\/International\/burkina-faso-presidentielle-et-legislatives-5000-burkinabe-votent-dans-le-calme-en-cote-divoire\/"},"modified":"2020-11-22T15:18:04","modified_gmt":"2020-11-22T20:18:04","slug":"burkina-faso-presidentielle-et-legislatives-5000-burkinabe-votent-dans-le-calme-en-cote-divoire","status":"publish","type":"post","link":"https:\/\/linitiative.ca\/International\/burkina-faso-presidentielle-et-legislatives-5000-burkinabe-votent-dans-le-calme-en-cote-divoire\/","title":{"rendered":"Burkina Faso\/Pr\u00e9sidentielle et l\u00e9gislatives : 5000 burkinab\u00e9 votent dans le calme en C\u00f4te d\u2019Ivoire"},"content":{"rendered":"<div readability=\"32\">\n<p>Publi\u00e9 le 22.11.2020 \u00e0 21h18 par APA News<\/p>\n<\/div>\n<div readability=\"61\">\n<p>La diaspora burkinab\u00e9 en C\u00f4te d\u2019Ivoire a vot\u00e9 dimanche dans le calme \u00e0 son consulat g\u00e9n\u00e9ral \u00e0 Abidjan pour l\u2019\u00e9lection pr\u00e9sidentielle du Burkina Faso o\u00f9 13 candidats sont en lice dont le pr\u00e9sident sortant Roch Marc Christian Kabor\u00e9.Environ 5000 \u00a0ressortissants burkinab\u00e9 sur pr\u00e8s de quatre millions vivant en C\u00f4te d\u2019Ivoire, se sont inscrits sur le fichier \u00e9lectoral pour prendre part \u00e0 cette \u00e9lection coupl\u00e9e pr\u00e9sidentielle et l\u00e9gislatives.<\/p>\n<p>En plus d\u2019Abidjan, la diaspora burkinab\u00e9 vote pour cette \u00e9lection coupl\u00e9e dans les villes ivoirienne de Soubr\u00e9 (Sud-Ouest) et de Bouak\u00e9 (Centre Nord).<\/p>\n<p>\u00a0\u00ab Nous nous avons 12 bureaux de vote \u00e0 Abidjan dont au consulat et 06 \u00e0 l\u2019ambassade. Les bureaux de vote ont ouvert \u00e0 06h00 (Heure locale et GMT) et devraient refermer \u00e0 18h00 ( Heure locale et GMT). Il n\u2019y a aucune difficult\u00e9 et le scrutin se d\u00e9roule bien\u00bb, a assur\u00e9 \u00e0 APA, \u00a0Michel Bado, le pr\u00e9sident de la \u00a0Commission \u00e9lectorale nationale ind\u00e9pendante (CENI) pour le consulat du Burkina Faso en C\u00f4te d\u2019Ivoire.<\/p>\n<p>\u00a0Selon les autorit\u00e9s \u00e9lectorales burkinab\u00e8, environ 6,5 millions d\u2019\u00e9lecteurs sont inscrits sur le fichier \u00e9lectoral dont 18 563 \u00e0 l\u2019\u00e9tranger. Treize candidats sont en lice pour la pr\u00e9sidentielle et 127 postes de d\u00e9put\u00e9s sont \u00e0 pourvoir pour les l\u00e9gislatives.\u00a0<\/p>\n<p>Le pr\u00e9sident sortant Roch Marc Christian Kabor\u00e9 et les opposants Z\u00e9phirin Diabr\u00e9, Isaac Yacouba Zida, Monique Y\u00e9li Kam et D\u00e9sir\u00e9 Kadr\u00e9 Ou\u00e9draogo \u00a0sont notamment candidats \u00e0 la magistrature supr\u00eame. C\u2019est la premi\u00e8re fois que les burkinab\u00e9 vivants \u00e0 l\u2019\u00e9tranger prennent part \u00e0 l\u2019\u00e9lection pr\u00e9sidentielle de leur pays.<\/p>\n<\/div>\n<p>Auteur: APA News<br \/>\n<a href=\"https:\/\/www.journalducameroun.com\/burkina-faso-presidentielle-et-legislatives-5000-burkinabe-votent-dans-le-calme-en-cote-divoire\/\">Cliquez ici pour lire l&rsquo;article depuis sa source.<\/a><\/p>\n","protected":false},"excerpt":{"rendered":"<p>Publi\u00e9 le 22.11.2020 \u00e0 21h18 par APA News La diaspora burkinab\u00e9 en C\u00f4te d\u2019Ivoire a vot\u00e9 dimanche dans le calme \u00e0 son consulat g\u00e9n\u00e9ral \u00e0 Abidjan pour l\u2019\u00e9lection pr\u00e9sidentielle du Burkina Faso o\u00f9 13 candidats sont en lice dont le pr\u00e9sident sortant Roch Marc Christian Kabor\u00e9.Environ 5000 \u00a0ressortissants burkinab\u00e9 sur pr\u00e8s de quatre millions vivant [&hellip;]<\/p>\n","protected":false},"author":1965,"featured_media":0,"comment_status":"closed","ping_status":"closed","sticky":false,"template":"","format":"standard","meta":{"fifu_image_url":"","fifu_image_alt":"","footnotes":""},"categories":[73,82],"tags":[],"class_list":["post-105450","post","type-post","status-publish","format-standard","hentry","category-actualite","category-cameroun"],"_links":{"self":[{"href":"https:\/\/linitiative.ca\/International\/wp-json\/wp\/v2\/posts\/105450","targetHints":{"allow":["GET"]}}],"collection":[{"href":"https:\/\/linitiative.ca\/International\/wp-json\/wp\/v2\/posts"}],"about":[{"href":"https:\/\/linitiative.ca\/International\/wp-json\/wp\/v2\/types\/post"}],"author":[{"embeddable":true,"href":"https:\/\/linitiative.ca\/International\/wp-json\/wp\/v2\/users\/1965"}],"replies":[{"embeddable":true,"href":"https:\/\/linitiative.ca\/International\/wp-json\/wp\/v2\/comments?post=105450"}],"version-history":[{"count":0,"href":"https:\/\/linitiative.ca\/International\/wp-json\/wp\/v2\/posts\/105450\/revisions"}],"wp:attachment":[{"href":"https:\/\/linitiative.ca\/International\/wp-json\/wp\/v2\/media?parent=105450"}],"wp:term":[{"taxonomy":"category","embeddable":true,"href":"https:\/\/linitiative.ca\/International\/wp-json\/wp\/v2\/categories?post=105450"},{"taxonomy":"post_tag","embeddable":true,"href":"https:\/\/linitiative.ca\/International\/wp-json\/wp\/v2\/tags?post=105450"}],"curies":[{"name":"wp","href":"https:\/\/api.w.org\/{rel}","templated":true}]}}