{"id":105451,"date":"2020-11-22T18:03:32","date_gmt":"2020-11-22T23:03:32","guid":{"rendered":"https:\/\/linitiative.ca\/International\/deces-a-abidjan-du-journaliste-ivoirien-mamadou-doumbia-dit-doumbes\/"},"modified":"2020-11-22T18:03:32","modified_gmt":"2020-11-22T23:03:32","slug":"deces-a-abidjan-du-journaliste-ivoirien-mamadou-doumbia-dit-doumbes","status":"publish","type":"post","link":"https:\/\/linitiative.ca\/International\/deces-a-abidjan-du-journaliste-ivoirien-mamadou-doumbia-dit-doumbes\/","title":{"rendered":"D\u00e9c\u00e8s \u00e0 Abidjan du journaliste ivoirien Mamadou Doumbia dit Doumbes"},"content":{"rendered":"<div readability=\"32\">\n<p>Publi\u00e9 le 23.11.2020 \u00e0 00h18 par APA News<\/p>\n<\/div>\n<div readability=\"63\">\n<p>Le journaliste ivoirien, Mamadou Doumbia dit Doumbes, un membre du Cabinet du ministre ivoirien de la Communication et des m\u00e9dias, Sidi Tour\u00e9, est d\u00e9c\u00e9d\u00e9 dimanche \u00e0 Abidjan, des suites d\u2019une longue maladie, selon son entourage.M. Doumbia Mamadou, sous-directeur de la communication et des relations publiques dudit minist\u00e8re, atteint d\u2019une an\u00e9mie s\u00e9v\u00e8re, a tir\u00e9 sa r\u00e9v\u00e9rence \u00e0 la polyclinique de l\u2019Ind\u00e9ni\u00e9, \u00e0 Abidjan, la capitale \u00e9conomique ivoirienne.<\/p>\n<p>Selon un proche collaborateur, il \u00e9tait souffrant depuis un temps et m\u00eame avant la campagne pour l\u2019\u00e9lection pr\u00e9sidentielle ivoirienne du 31 octobre 2020. Son d\u00e9c\u00e8s intervient apr\u00e8s plusieurs semaines d\u2019absence au Cabinet.<\/p>\n<p>\u00c9m\u00e9rite journaliste et membre fondateur de l\u2019Union des journalistes et communicateurs musulmans de C\u00f4te d\u2019Ivoire (UJCOMCI), El Hadj Mamadou Doumbia a exerc\u00e9 dans les quotidiens Le Patriote, Nord-Sud et L\u2019Expression avant de rejoindre le Cabinet du minist\u00e8re de la Communication et des m\u00e9dias.<\/p>\n<p>Doumbes \u00e9tait \u00e9galement le pr\u00e9sident du R\u00e9seau des acteurs des m\u00e9dias pour les droits de l\u2019enfant en C\u00f4te d\u2019Ivoire (RAMEDE-CI), une organisation associative regroupant des professionnels de la communication et des personnes sensibles \u00e0 la cause des enfants.<\/p>\n<\/div>\n<p>Auteur: APA News<br \/>\n<a href=\"https:\/\/www.journalducameroun.com\/deces-a-abidjan-du-journaliste-ivoirien-mamadou-doumbia-dit-doumbes\/\">Cliquez ici pour lire l&rsquo;article depuis sa source.<\/a><\/p>\n","protected":false},"excerpt":{"rendered":"<p>Publi\u00e9 le 23.11.2020 \u00e0 00h18 par APA News Le journaliste ivoirien, Mamadou Doumbia dit Doumbes, un membre du Cabinet du ministre ivoirien de la Communication et des m\u00e9dias, Sidi Tour\u00e9, est d\u00e9c\u00e9d\u00e9 dimanche \u00e0 Abidjan, des suites d\u2019une longue maladie, selon son entourage.M. Doumbia Mamadou, sous-directeur de la communication et des relations publiques dudit minist\u00e8re, [&hellip;]<\/p>\n","protected":false},"author":1965,"featured_media":0,"comment_status":"closed","ping_status":"closed","sticky":false,"template":"","format":"standard","meta":{"fifu_image_url":"","fifu_image_alt":"","footnotes":""},"categories":[73,82],"tags":[],"class_list":["post-105451","post","type-post","status-publish","format-standard","hentry","category-actualite","category-cameroun"],"_links":{"self":[{"href":"https:\/\/linitiative.ca\/International\/wp-json\/wp\/v2\/posts\/105451","targetHints":{"allow":["GET"]}}],"collection":[{"href":"https:\/\/linitiative.ca\/International\/wp-json\/wp\/v2\/posts"}],"about":[{"href":"https:\/\/linitiative.ca\/International\/wp-json\/wp\/v2\/types\/post"}],"author":[{"embeddable":true,"href":"https:\/\/linitiative.ca\/International\/wp-json\/wp\/v2\/users\/1965"}],"replies":[{"embeddable":true,"href":"https:\/\/linitiative.ca\/International\/wp-json\/wp\/v2\/comments?post=105451"}],"version-history":[{"count":0,"href":"https:\/\/linitiative.ca\/International\/wp-json\/wp\/v2\/posts\/105451\/revisions"}],"wp:attachment":[{"href":"https:\/\/linitiative.ca\/International\/wp-json\/wp\/v2\/media?parent=105451"}],"wp:term":[{"taxonomy":"category","embeddable":true,"href":"https:\/\/linitiative.ca\/International\/wp-json\/wp\/v2\/categories?post=105451"},{"taxonomy":"post_tag","embeddable":true,"href":"https:\/\/linitiative.ca\/International\/wp-json\/wp\/v2\/tags?post=105451"}],"curies":[{"name":"wp","href":"https:\/\/api.w.org\/{rel}","templated":true}]}}